{"id":10413,"date":"2020-03-09T16:18:09","date_gmt":"2020-03-09T19:18:09","guid":{"rendered":"http:\/\/2015.defensoriaformosa.gob.ar\/?p=10413"},"modified":"2020-03-09T16:18:09","modified_gmt":"2020-03-09T19:18:09","slug":"se-recomendo-la-adopcion-de-medidas-preventivas-en-los-establecimientos-educativos-de-todos-los-niveles-para-prevenir-el-coronavirus","status":"publish","type":"post","link":"https:\/\/defensoriaformosa.gob.ar\/?p=10413","title":{"rendered":"SE RECOMENDO LA ADOPCION DE MEDIDAS PREVENTIVAS EN LOS ESTABLECIMIENTOS EDUCATIVOS DE TODOS LOS NIVELES PARA PREVENIR EL CORONAVIRUS"},"content":{"rendered":"<p><strong>La -Direcci\u00f3n de Salud- de la Defensor\u00eda del Pueblo de la Provincia de Formosa, recepcion\u00f3 el d\u00eda de ayer, la Resoluci\u00f3n 2020 de fecha 6 de marzo del corriente a\u00f1o suscripta por el Actual Ministro de Educaci\u00f3n Nicolas A. Trotta y por la cual en el Art. 4 de la misma, se da intervenci\u00f3n a las 24 Jurisdicciones, como as\u00ed al Consejo de Universidades, al Consejo Interuniversitario Nacional, al Consejo de Rectores de Universidades Privadas y por su intermedio a todas las Instituciones que representan, para que evaluando la situaci\u00f3n epidemiol\u00f3gica del coronavirus, el cual presenta un car\u00e1cter din\u00e1mico y donde las situaciones son cambiantes d\u00eda a d\u00eda, siendo necesario adoptar medidas de car\u00e1cter general, y particulares en el \u00e1mbito educativo con finalidades preventivas, se ha decidido que: <\/strong><\/p>\n<p><!--more--><\/p>\n<p>Art\u00edculo 1\u00b0.- Recomendar la adopci\u00f3n de las siguientes medidas preventivas en los establecimientos educativos de todos los niveles y modalidades del pa\u00eds, sean \u00e9stos de gesti\u00f3n estatal o privada, de educaci\u00f3n obligatoria o de educaci\u00f3n superior: Desarrollar las actividades escolares y acad\u00e9micas seg\u00fan los calendarios establecidos. Reforzar las recomendaciones de prevenci\u00f3n de infecciones respiratorias: lavado de manos frecuente con agua y jab\u00f3n; cubrirse la nariz y la boca con el pliegue-codo o usar un pa\u00f1uelo descartable al toser o estornudar; usar el cesto de basura m\u00e1s cercano para desechar los pa\u00f1uelos utilizados; ventilar los ambientes; y limpiar frecuentemente las superficies y los objetos que se usan con frecuencia. Ante la presencia de fiebre y s\u00edntomas respiratorios (tos, dolor de garganta o dificultad para respirar) se recomienda no asistir al establecimiento educativo. En caso de estudiantes o personal de los establecimientos que regresen de viaje desde \u00e1reas con circulaci\u00f3n y transmisi\u00f3n de coronavirus, a la fecha los siguientes pa\u00edses: China, Corea del Sur, Jap\u00f3n, Ir\u00e1n, Italia, Espa\u00f1a, Francia y Alemania -y los que indicare el MINISTERIO DE SALUD-, aunque no presenten s\u00edntomas, se sugiere que permanezcan en el domicilio sin concurrencia y evitar el contacto social por CATORCE (14) d\u00edas. Art\u00edculo 2\u00b0. &#8211; A los fines de dar cumplimiento a las recomendaciones antes indicadas, se insta a justificar las inasistencias de estudiantes o del personal de los establecimientos educativos, en las que incurran por la causa y durante el plazo m\u00e1ximo previsto en el inciso d) del art\u00edculo precedente. Art\u00edculo 3\u00b0.- Solicitar a las provincias y a la Ciudad Aut\u00f3noma de Buenos Aires, y a las instituciones de educaci\u00f3n superior que adopten, en el marco de las competencias que le son propias y en un todo de acuerdo con las normas que las regulan, disposiciones a fin de sostener las medidas preventivas establecidas en la presente, y aquellas que conforme lo establezcan las autoridades sanitarias pudieren generarse al efecto, asegurando el derecho a la educaci\u00f3n mediante los dispositivos que estimen pertinentes. Por otro lado, desde el Organismo de la Constituci\u00f3n, se Inst\u00f3 al Ministerio de Cultura y Educaci\u00f3n de la Provincia, a proporcionar todos los elementos de higiene que sean necesarios, (jab\u00f3n, alcohol en gel, lavandina, trapos de pisos, agua en todos los establecimientos, personal suficiente para la limpieza e higiene de manera permanente en las escuelas y colegios de la provincia); y coordinar cualquier medida excepcional de car\u00e1cter preventivo con los dem\u00e1s Ministerios y Estamentos del Gobierno de la Provincia de Formosa, con la finalidad de atender integralmente las necesidades de ni\u00f1as\/os adolescentes, docentes y personal que desempe\u00f1en funciones en los \u00e1mbitos antes citados.<\/p>\n","protected":false},"excerpt":{"rendered":"<p>La -Direcci\u00f3n de Salud- de la Defensor\u00eda del Pueblo de la Provincia de Formosa, recepcion\u00f3 el d\u00eda de ayer, la Resoluci\u00f3n 2020 de fecha 6 de marzo del corriente a\u00f1o suscripta por el Actual Ministro de Educaci\u00f3n Nicolas A. Trotta y por la cual en el Art. 4 de la misma, se da intervenci\u00f3n a [&hellip;]<\/p>\n","protected":false},"author":1,"featured_media":10414,"comment_status":"closed","ping_status":"closed","sticky":false,"template":"","format":"standard","meta":{"footnotes":""},"categories":[5,6],"tags":[],"class_list":["post-10413","post","type-post","status-publish","format-standard","has-post-thumbnail","hentry","category-ambiente-y-desarrollo-sustentable","category-salud"],"_links":{"self":[{"href":"https:\/\/defensoriaformosa.gob.ar\/index.php?rest_route=\/wp\/v2\/posts\/10413","targetHints":{"allow":["GET"]}}],"collection":[{"href":"https:\/\/defensoriaformosa.gob.ar\/index.php?rest_route=\/wp\/v2\/posts"}],"about":[{"href":"https:\/\/defensoriaformosa.gob.ar\/index.php?rest_route=\/wp\/v2\/types\/post"}],"author":[{"embeddable":true,"href":"https:\/\/defensoriaformosa.gob.ar\/index.php?rest_route=\/wp\/v2\/users\/1"}],"replies":[{"embeddable":true,"href":"https:\/\/defensoriaformosa.gob.ar\/index.php?rest_route=%2Fwp%2Fv2%2Fcomments&post=10413"}],"version-history":[{"count":1,"href":"https:\/\/defensoriaformosa.gob.ar\/index.php?rest_route=\/wp\/v2\/posts\/10413\/revisions"}],"predecessor-version":[{"id":10415,"href":"https:\/\/defensoriaformosa.gob.ar\/index.php?rest_route=\/wp\/v2\/posts\/10413\/revisions\/10415"}],"wp:featuredmedia":[{"embeddable":true,"href":"https:\/\/defensoriaformosa.gob.ar\/index.php?rest_route=\/wp\/v2\/media\/10414"}],"wp:attachment":[{"href":"https:\/\/defensoriaformosa.gob.ar\/index.php?rest_route=%2Fwp%2Fv2%2Fmedia&parent=10413"}],"wp:term":[{"taxonomy":"category","embeddable":true,"href":"https:\/\/defensoriaformosa.gob.ar\/index.php?rest_route=%2Fwp%2Fv2%2Fcategories&post=10413"},{"taxonomy":"post_tag","embeddable":true,"href":"https:\/\/defensoriaformosa.gob.ar\/index.php?rest_route=%2Fwp%2Fv2%2Ftags&post=10413"}],"curies":[{"name":"wp","href":"https:\/\/api.w.org\/{rel}","templated":true}]}}