{"id":10407,"date":"2020-03-07T20:36:23","date_gmt":"2020-03-07T23:36:23","guid":{"rendered":"http:\/\/2015.defensoriaformosa.gob.ar\/?p=10407"},"modified":"2020-03-07T20:36:23","modified_gmt":"2020-03-07T23:36:23","slug":"acciones-desarrolladas-desde-la-defensoria-del-pueblo-a-favor-de-las-mujeres","status":"publish","type":"post","link":"https:\/\/defensoriaformosa.gob.ar\/?p=10407","title":{"rendered":"ACCIONES DESARROLLADAS DESDE LA DEFENSORIA DEL PUEBLO A FAVOR DE LAS MUJERES"},"content":{"rendered":"<p><strong>En Conmemoraci\u00f3n del D\u00eda Internacional de la Mujer, desde la Defensor\u00eda del Pueblo de la Provincia de Formosa, se resalt\u00f3 el trabajo que desde el Observatorio de Violencia de G\u00e9nero que all\u00ed funciona se viene llevando a cabo. <\/strong><\/p>\n<p><!--more--><\/p>\n<p>La Defensora Adjunta Dra. Sylvina Margarita Portillo manifest\u00f3 que el Organismo de la Constituci\u00f3n aborda este flagelo mediante la creaci\u00f3n y funcionamiento de dicho Observatorio, a trav\u00e9s del cual se procede a investigar, documentar, sistematizar, realizar aportes para dar mayor visibilidad a la situaci\u00f3n en nuestra Provincia, proponer soluciones, derivar a otros Organismos especializados de considerarlo conveniente, sugerir programas de acci\u00f3n y brindar asesoramiento legal gratuito. Cuenta para ello con un -Protocolo de Actuaci\u00f3n Institucional- ante casos de Violencia de G\u00e9nero, el cual establece los lineamientos que deben seguir los profesionales quienes se encargan de la atenci\u00f3n, acompa\u00f1amiento y monitoreo de casos donde se encuentre afectada una mujer v\u00edctima de este tipo de circunstancias. Adem\u00e1s, busca crear, fomentar y desarrollar nexos de comunicaci\u00f3n y cooperaci\u00f3n con otros Organismos de Promoci\u00f3n y Defensa de los Derechos Humanos, Gubernamentales y no, tanto Nacionales, Provinciales y Municipales, como ser, la Oficina de Violencia Intrafamiliar, la Oficina de la Mujer, la Oficina de Protecci\u00f3n a la V\u00edctima y Testigos Penales, todas ellas dependientes del Poder Judicial, la Secretar\u00eda de la Mujer, el Ministerio de la Comunidad, entre otros. Se vale de programas o campa\u00f1as en diferentes \u00e1mbitos, como escuelas, colegios, plazas, v\u00eda p\u00fablica en general y de manera virtual para que la ciudadan\u00eda tome conocimiento de sus derechos y las maneras de protegerlos, adem\u00e1s de tener un sentido de prevenci\u00f3n y concientizaci\u00f3n, desarrollando a tal fin diferentes programas como ser \u201cEl Amor no duele\u201d, \u201cMujer Vos Vales\u201d y campa\u00f1as fomentando la erradicaci\u00f3n de la \u201cViolencia Obst\u00e9trica\u201d y de concientizaci\u00f3n \u201cPor una Vida Libre de Violencia\u201d. As\u00ed cada una de las consultas, reclamos y\/o denuncias que necesiten llegar a conocimiento del Organismo, se pueden realizar en forma personal en la sede de esta Instituci\u00f3n, a trav\u00e9s de sus l\u00edneas telef\u00f3nicas 370 -4436379 \u2013 4436320 \u2013 0800 444 1770 y\/o correos electr\u00f3nicos denuncia@formosa.gov.ar \u2013 depuefor@fibetel.com.ar. Asimismo, la Dra. Portillo celebr\u00f3 el env\u00edo por parte del P.E.P. a la Honorable Legislatura del Proyecto de Ley de adhesi\u00f3n provincial a la Ley Nacional N\u00ba 27.499 llamada \u201cLey Micaela\u201d que establece la capacitaci\u00f3n obligatoria en la tem\u00e1tica de g\u00e9nero y violencia contra las mujeres, para todas las personas que se desempe\u00f1an en la funci\u00f3n p\u00fablica en todos sus niveles y jerarqu\u00edas en los poderes Ejecutivo, Legislativo y Judicial. Esta normativa, tiene por objetivo capacitar y sensibilizar a quienes integran los distintos estamentos del Estado a los fines de dar cumplimiento a un deber que nuestro pa\u00eds asumi\u00f3 al firmar la Convenci\u00f3n Interamericana para Prevenir, Sancionar y Erradicar la Violencia contra la Mujer; de esta forma todas las personas que ejercemos funciones p\u00fablicas, cada una desde el lugar que nos toca ocupar y\/o funci\u00f3n que debemos desempe\u00f1ar, estaremos obligadas a capacitarnos sobre la problem\u00e1tica, considerando que este tipo de formaci\u00f3n es una necesidad que debiera ser obligatoria tambi\u00e9n para los trabajadores privados y no limitada solo al Estado, para as\u00ed lograr erradicar los estereotipos culturalmente instalados sobre el rol social de las mujeres, quienes d\u00eda a d\u00eda hemos logrado trascender del \u00e1mbito de lo privado y familiar, para tener mayor presencia y participaci\u00f3n en la vida pol\u00edtica, econ\u00f3mica, social y cultural. Si bien, sin lugar a dudas queda mucho a\u00fan por hacer, \u00e9ste es un trabajo que nos compromete como sociedad, \u00edntimamente ligado a la educaci\u00f3n, la cual ya desde el seno familiar debemos inculcar a nuestros hijos para producir mayores y mejores cambios, concluy\u00f3 la funcionaria.<\/p>\n","protected":false},"excerpt":{"rendered":"<p>En Conmemoraci\u00f3n del D\u00eda Internacional de la Mujer, desde la Defensor\u00eda del Pueblo de la Provincia de Formosa, se resalt\u00f3 el trabajo que desde el Observatorio de Violencia de G\u00e9nero que all\u00ed funciona se viene llevando a cabo.<\/p>\n","protected":false},"author":1,"featured_media":10408,"comment_status":"closed","ping_status":"closed","sticky":false,"template":"","format":"standard","meta":{"footnotes":""},"categories":[1],"tags":[],"class_list":["post-10407","post","type-post","status-publish","format-standard","has-post-thumbnail","hentry","category-noticias"],"_links":{"self":[{"href":"https:\/\/defensoriaformosa.gob.ar\/index.php?rest_route=\/wp\/v2\/posts\/10407","targetHints":{"allow":["GET"]}}],"collection":[{"href":"https:\/\/defensoriaformosa.gob.ar\/index.php?rest_route=\/wp\/v2\/posts"}],"about":[{"href":"https:\/\/defensoriaformosa.gob.ar\/index.php?rest_route=\/wp\/v2\/types\/post"}],"author":[{"embeddable":true,"href":"https:\/\/defensoriaformosa.gob.ar\/index.php?rest_route=\/wp\/v2\/users\/1"}],"replies":[{"embeddable":true,"href":"https:\/\/defensoriaformosa.gob.ar\/index.php?rest_route=%2Fwp%2Fv2%2Fcomments&post=10407"}],"version-history":[{"count":1,"href":"https:\/\/defensoriaformosa.gob.ar\/index.php?rest_route=\/wp\/v2\/posts\/10407\/revisions"}],"predecessor-version":[{"id":10409,"href":"https:\/\/defensoriaformosa.gob.ar\/index.php?rest_route=\/wp\/v2\/posts\/10407\/revisions\/10409"}],"wp:featuredmedia":[{"embeddable":true,"href":"https:\/\/defensoriaformosa.gob.ar\/index.php?rest_route=\/wp\/v2\/media\/10408"}],"wp:attachment":[{"href":"https:\/\/defensoriaformosa.gob.ar\/index.php?rest_route=%2Fwp%2Fv2%2Fmedia&parent=10407"}],"wp:term":[{"taxonomy":"category","embeddable":true,"href":"https:\/\/defensoriaformosa.gob.ar\/index.php?rest_route=%2Fwp%2Fv2%2Fcategories&post=10407"},{"taxonomy":"post_tag","embeddable":true,"href":"https:\/\/defensoriaformosa.gob.ar\/index.php?rest_route=%2Fwp%2Fv2%2Ftags&post=10407"}],"curies":[{"name":"wp","href":"https:\/\/api.w.org\/{rel}","templated":true}]}}