{"id":10404,"date":"2020-03-07T20:34:12","date_gmt":"2020-03-07T23:34:12","guid":{"rendered":"http:\/\/2015.defensoriaformosa.gob.ar\/?p=10404"},"modified":"2020-03-07T20:34:12","modified_gmt":"2020-03-07T23:34:12","slug":"la-defensoria-resalto-la-decision-del-presidente-fernandez-de-ratificar-el-convenio-sobre-violencia-y-acoso-laboral","status":"publish","type":"post","link":"https:\/\/defensoriaformosa.gob.ar\/?p=10404","title":{"rendered":"LA DEFENSOR\u00cdA RESALT\u00d3 LA DECISI\u00d3N DEL PRESIDENTE FERN\u00c1NDEZ DE RATIFICAR EL CONVENIO SOBRE VIOLENCIA Y ACOSO LABORAL"},"content":{"rendered":"<p><strong>Desde la Defensor\u00eda del Pueblo, su Titular Dr. Jos\u00e9 Leonardo Gialluca, resalt\u00f3 que el Presidente Alberto Fern\u00e1ndez se comprometiera en el Congreso Nacional a ratificar el Convenio 190 del organismo laboral tripartito en rechazo de la violencia y el acoso laboral, aprobado en junio \u00faltimo en Ginebra, Suiza. Fern\u00e1ndez anunci\u00f3 ante la Asamblea Legislativa que enviar\u00e1 al Congreso el proyecto de ley para ratificar el Convenio 190 sobre violencia y acoso en el mundo laboral, ya que es \u00abuna expresi\u00f3n un\u00e1nime de la comunidad internacional\u00bb, dijo el Jefe de Estado, quien tambi\u00e9n lanzar\u00e1 un Plan Nacional contra la Violencia por Razones de G\u00e9nero. <\/strong><\/p>\n<p><!--more--><\/p>\n<p>El presidente adelant\u00f3 esas iniciativas luego de meses de conversaciones entre la OIT, funcionarios y \u00e1reas de gobierno, que comenzaron luego de la 108\u00ba Conferencia Internacional del Trabajo (CIT) de Ginebra de junio de 2019, cuyos representantes de gobiernos, trabajadores y empresarios de los 187 pa\u00edses miembros aprobaron el Convenio 190 sobre Violencia y Acoso Laboral y su Recomendaci\u00f3n asociada (la 206). As\u00ed, el Presidente de la Naci\u00f3n solicit\u00f3 la colaboraci\u00f3n de las autoridades de la OIT para desarrollar un nuevo pacto social entre empresarios y sindicalistas, en el marco del di\u00e1logo tripartito, una herramienta que promueve la organizaci\u00f3n desde sus or\u00edgenes, en 1919. \u00abArgentina podr\u00eda convertirse en uno de los primeros pa\u00edses del mundo en ratificar de manera formal el Convenio\u00bb. Nuestro Pa\u00eds, es \u00abun socio fundacional de la OIT y un actor estrat\u00e9gico en el concierto de la Organizaci\u00f3n de las Naciones Unidas (U), ya que contin\u00faa demostrando que puede estar a la vanguardia y liderar temas de gran impacto social. De ser aprobado por el Congreso, el gobierno argentino debe depositar de manera formal el instrumento de ratificaci\u00f3n en la sede de la OIT, en Ginebra, para que lo registre Guy Ryder, en tanto para que el Convenio entre en vigencia se hace necesario que al menos dos naciones lo ratifiquen y, despu\u00e9s, cada pa\u00eds, tiene 12 meses para adaptar su ley.<\/p>\n","protected":false},"excerpt":{"rendered":"<p>Desde la Defensor\u00eda del Pueblo, su Titular Dr. Jos\u00e9 Leonardo Gialluca, resalt\u00f3 que el Presidente Alberto Fern\u00e1ndez se comprometiera en el Congreso Nacional a ratificar el Convenio 190 del organismo laboral tripartito en rechazo de la violencia y el acoso laboral, aprobado en junio \u00faltimo en Ginebra, Suiza. Fern\u00e1ndez anunci\u00f3 ante la Asamblea Legislativa que [&hellip;]<\/p>\n","protected":false},"author":1,"featured_media":10405,"comment_status":"closed","ping_status":"closed","sticky":false,"template":"","format":"standard","meta":{"footnotes":""},"categories":[1],"tags":[],"class_list":["post-10404","post","type-post","status-publish","format-standard","has-post-thumbnail","hentry","category-noticias"],"_links":{"self":[{"href":"https:\/\/defensoriaformosa.gob.ar\/index.php?rest_route=\/wp\/v2\/posts\/10404","targetHints":{"allow":["GET"]}}],"collection":[{"href":"https:\/\/defensoriaformosa.gob.ar\/index.php?rest_route=\/wp\/v2\/posts"}],"about":[{"href":"https:\/\/defensoriaformosa.gob.ar\/index.php?rest_route=\/wp\/v2\/types\/post"}],"author":[{"embeddable":true,"href":"https:\/\/defensoriaformosa.gob.ar\/index.php?rest_route=\/wp\/v2\/users\/1"}],"replies":[{"embeddable":true,"href":"https:\/\/defensoriaformosa.gob.ar\/index.php?rest_route=%2Fwp%2Fv2%2Fcomments&post=10404"}],"version-history":[{"count":1,"href":"https:\/\/defensoriaformosa.gob.ar\/index.php?rest_route=\/wp\/v2\/posts\/10404\/revisions"}],"predecessor-version":[{"id":10406,"href":"https:\/\/defensoriaformosa.gob.ar\/index.php?rest_route=\/wp\/v2\/posts\/10404\/revisions\/10406"}],"wp:featuredmedia":[{"embeddable":true,"href":"https:\/\/defensoriaformosa.gob.ar\/index.php?rest_route=\/wp\/v2\/media\/10405"}],"wp:attachment":[{"href":"https:\/\/defensoriaformosa.gob.ar\/index.php?rest_route=%2Fwp%2Fv2%2Fmedia&parent=10404"}],"wp:term":[{"taxonomy":"category","embeddable":true,"href":"https:\/\/defensoriaformosa.gob.ar\/index.php?rest_route=%2Fwp%2Fv2%2Fcategories&post=10404"},{"taxonomy":"post_tag","embeddable":true,"href":"https:\/\/defensoriaformosa.gob.ar\/index.php?rest_route=%2Fwp%2Fv2%2Ftags&post=10404"}],"curies":[{"name":"wp","href":"https:\/\/api.w.org\/{rel}","templated":true}]}}