{"id":10399,"date":"2020-03-06T16:43:11","date_gmt":"2020-03-06T19:43:11","guid":{"rendered":"http:\/\/2015.defensoriaformosa.gob.ar\/?p=10399"},"modified":"2020-03-06T16:43:11","modified_gmt":"2020-03-06T19:43:11","slug":"en-defensa-de-los-deudores-de-creditos-uva-tanto-prendarios-como-personales-desde-la-defensoria-del-pueblo-se-pidio-sean-incluidos-en-la-ley-no-27-541-denominada-ley-de-solidaridad-social-y","status":"publish","type":"post","link":"https:\/\/defensoriaformosa.gob.ar\/?p=10399","title":{"rendered":"EN DEFENSA DE LOS DEUDORES DE CREDITOS UVA TANTO PRENDARIOS COMO PERSONALES, DESDE LA DEFENSORIA DEL PUEBLO SE PIDIO SEAN INCLUIDOS EN LA LEY N\u00ba 27.541 DENOMINADA \u201cLEY DE SOLIDARIDAD SOCIAL Y REACTIVACION PRODUCTIVA\u201d"},"content":{"rendered":"<p><strong>El grave problema que padecen actualmente los tomadores de cr\u00e9ditos hipotecarios UVA, podr\u00eda cambiar a partir de un dictamen de la fiscal Ferreyra de Reyna, de la ciudad de C\u00f3rdoba, que para un caso individual determin\u00f3 que este tipo de contratos son consumeriles y que el conflicto de intereses est\u00e1 dentro de la Ley de Defensa del Consumidor.<\/strong><\/p>\n<p><!--more--><\/p>\n<p>\u201cEs el caso de una familia que sac\u00f3 un cr\u00e9dito por $3 millones y que ahora deben $8,5 millones con una relaci\u00f3n cuota ingreso que ya es del 50%. Pagan $63 mil de cuota\u201d. El Ombudsman Provincial Dr. Jos\u00e9 Leonardo Gialluca, se\u00f1al\u00f3 que a partir de este caso se empezar\u00e1 a cuestionar la posici\u00f3n del Gobierno Nacional, que en su momento sali\u00f3 a decir que estos son contratos entre privados. Ahora, se est\u00e1 diciendo que estamos ante contratos consumeriles, que debe aplicarse la Ley de Defensa del Consumidor. En este sentido, desde el Organismo de la Constituci\u00f3n, se remitieron Formales Actuaciones al Presidente de la C\u00e1mara de Diputados de Naci\u00f3n a cargo de Sergio Massa y tambi\u00e9n a nuestros diputados nacionales Parola, Maria Graciela, Fernandez Patri, Gustavo Ramiro, Daldovo, Nelly Ramona, Buryaile, Ricardo, Arce, Mario Horacio, para que se contemple la situaci\u00f3n de los deudores de los Cr\u00e9ditos UVA, tanto prendarios como personales, dentro de la Ley de Emergencia Econ\u00f3mica, sancionada con el N\u00ba 27.541, tambi\u00e9n denominada \u201cLey de Solidaridad Social y Reactivaci\u00f3n Productiva\u201d. En las mismas, el Defensor del Pueblo pidi\u00f3 incluir a este colectivo de deudores que est\u00e1 siendo gravemente afectado por la realidad socioecon\u00f3mica del pa\u00eds y que necesitan se restablezca el equilibrio entre las partes contratantes de los pr\u00e9stamos, para preservar el car\u00e1cter esencial de la garant\u00eda y evitar as\u00ed que la parte d\u00e9bil del contrato sea colocada en una situaci\u00f3n de insolvencia, al no poder cumplir con las obligaciones asumidas porque su sueldo no le alcanza. Gialluca record\u00f3 que, en oportunidad de tratarse la ley, si bien se debati\u00f3 sobre su inclusi\u00f3n el Art. 60, al momento de sancionarla, solo se contempl\u00f3 a Cr\u00e9ditos UVA para la adquisici\u00f3n de viviendas, \u201ces decir los hipotecarios\u201d y los sistemas de planes de ahorro para la adquisici\u00f3n de veh\u00edculos automotor, dejando desamparados a los deudores de Cr\u00e9ditos UVA prendarios y personales. Es por esto que, estamos pidiendo que se modifique la Ley N\u00ba 27.541 y de esta manera se incluyan a los deudores de los Cr\u00e9ditos UVA y que el BCRA tambi\u00e9n evalu\u00e9 el desempe\u00f1o y consecuencias que ha producido el sistema de prestamos prendarios y personales UVA y sus implicancias sociales y econ\u00f3micas para miles de familias argentinas.<\/p>\n","protected":false},"excerpt":{"rendered":"<p>El grave problema que padecen actualmente los tomadores de cr\u00e9ditos hipotecarios UVA, podr\u00eda cambiar a partir de un dictamen de la fiscal Ferreyra de Reyna, de la ciudad de C\u00f3rdoba, que para un caso individual determin\u00f3 que este tipo de contratos son consumeriles y que el conflicto de intereses est\u00e1 dentro de la Ley de [&hellip;]<\/p>\n","protected":false},"author":1,"featured_media":10400,"comment_status":"closed","ping_status":"closed","sticky":false,"template":"","format":"standard","meta":{"footnotes":""},"categories":[1],"tags":[],"class_list":["post-10399","post","type-post","status-publish","format-standard","has-post-thumbnail","hentry","category-noticias"],"_links":{"self":[{"href":"https:\/\/defensoriaformosa.gob.ar\/index.php?rest_route=\/wp\/v2\/posts\/10399","targetHints":{"allow":["GET"]}}],"collection":[{"href":"https:\/\/defensoriaformosa.gob.ar\/index.php?rest_route=\/wp\/v2\/posts"}],"about":[{"href":"https:\/\/defensoriaformosa.gob.ar\/index.php?rest_route=\/wp\/v2\/types\/post"}],"author":[{"embeddable":true,"href":"https:\/\/defensoriaformosa.gob.ar\/index.php?rest_route=\/wp\/v2\/users\/1"}],"replies":[{"embeddable":true,"href":"https:\/\/defensoriaformosa.gob.ar\/index.php?rest_route=%2Fwp%2Fv2%2Fcomments&post=10399"}],"version-history":[{"count":1,"href":"https:\/\/defensoriaformosa.gob.ar\/index.php?rest_route=\/wp\/v2\/posts\/10399\/revisions"}],"predecessor-version":[{"id":10401,"href":"https:\/\/defensoriaformosa.gob.ar\/index.php?rest_route=\/wp\/v2\/posts\/10399\/revisions\/10401"}],"wp:featuredmedia":[{"embeddable":true,"href":"https:\/\/defensoriaformosa.gob.ar\/index.php?rest_route=\/wp\/v2\/media\/10400"}],"wp:attachment":[{"href":"https:\/\/defensoriaformosa.gob.ar\/index.php?rest_route=%2Fwp%2Fv2%2Fmedia&parent=10399"}],"wp:term":[{"taxonomy":"category","embeddable":true,"href":"https:\/\/defensoriaformosa.gob.ar\/index.php?rest_route=%2Fwp%2Fv2%2Fcategories&post=10399"},{"taxonomy":"post_tag","embeddable":true,"href":"https:\/\/defensoriaformosa.gob.ar\/index.php?rest_route=%2Fwp%2Fv2%2Ftags&post=10399"}],"curies":[{"name":"wp","href":"https:\/\/api.w.org\/{rel}","templated":true}]}}