{"id":10390,"date":"2020-03-04T21:38:31","date_gmt":"2020-03-05T00:38:31","guid":{"rendered":"http:\/\/2015.defensoriaformosa.gob.ar\/?p=10390"},"modified":"2020-03-04T21:38:31","modified_gmt":"2020-03-05T00:38:31","slug":"solicito-la-defensoria-audiencia-multiproposito-para-liberar-la-ruta-nacional-no-11-a-la-altura-del-bo-namqom","status":"publish","type":"post","link":"https:\/\/defensoriaformosa.gob.ar\/?p=10390","title":{"rendered":"SOLICIT\u00d3 LA DEFENSOR\u00cdA AUDIENCIA MULTIPROP\u00d3SITO PARA LIBERAR LA RUTA NACIONAL N\u00ba 11, A LA ALTURA DEL B\u00ba NAMQOM"},"content":{"rendered":"<p><strong>Desde el d\u00eda martes 03 del corriente mes y a\u00f1o, a las 16:30 hs un grupo de entre 8 y 10 madres junto a sus hijos, procedieron a cortar totalmente el tr\u00e1nsito de la Ruta Nacional N\u00ba 11, a la altura del B\u00ba Namqom. Las mismas est\u00e1n reclamando ocupar terrenos bald\u00edos del Lote Rural N\u00ba 33. Desde la Defensor\u00eda del Pueblo de la Provincia de Formosa, mediante su Secretario Letrado Dr. Jos\u00e9 Porfirio Garc\u00eda, conjuntamente con el Responsable de la Oficina de la Defensor\u00eda del Pueblo de Naci\u00f3n Dr. Julio N\u00e9stor Santander, se constituyeron en el lugar el d\u00eda de ayer en horas de la tarde, y luego de dialogar con las mismas, se comprometieron a obtener alguna resoluci\u00f3n pac\u00edfica a esta situaci\u00f3n que perjudica a miles de ciudadanos que necesitan transitar por dicha traza nacional, y para ello se cursaron sendas Actuaciones Administrativas tanto al Instituto de Comunidades Abor\u00edgenes, como a la Municipalidad de la Ciudad de Formosa. <\/strong><\/p>\n<p><!--more--><\/p>\n<p>El Ombudsman Provincial Dr. Jos\u00e9 Leonardo Gialluca se\u00f1al\u00f3 que en el d\u00eda de hoy pediremos formalmente al Fiscal Federal N\u00ba 2 Dr. Luis Ben\u00edtez, ser partes en el proceso iniciado por las Fuerzas de Gendarmer\u00eda Nacional y peticionaremos adem\u00e1s se fije cuanto antes una Audiencia Multiprop\u00f3sito donde el Juez de Turno ordene la liberaci\u00f3n de esta Ruta Nacional.<\/p>\n","protected":false},"excerpt":{"rendered":"<p>Desde el d\u00eda martes 03 del corriente mes y a\u00f1o, a las 16:30 hs un grupo de entre 8 y 10 madres junto a sus hijos, procedieron a cortar totalmente el tr\u00e1nsito de la Ruta Nacional N\u00ba 11, a la altura del B\u00ba Namqom. Las mismas est\u00e1n reclamando ocupar terrenos bald\u00edos del Lote Rural N\u00ba [&hellip;]<\/p>\n","protected":false},"author":1,"featured_media":10391,"comment_status":"closed","ping_status":"closed","sticky":false,"template":"","format":"standard","meta":{"footnotes":""},"categories":[1],"tags":[],"class_list":["post-10390","post","type-post","status-publish","format-standard","has-post-thumbnail","hentry","category-noticias"],"_links":{"self":[{"href":"https:\/\/defensoriaformosa.gob.ar\/index.php?rest_route=\/wp\/v2\/posts\/10390","targetHints":{"allow":["GET"]}}],"collection":[{"href":"https:\/\/defensoriaformosa.gob.ar\/index.php?rest_route=\/wp\/v2\/posts"}],"about":[{"href":"https:\/\/defensoriaformosa.gob.ar\/index.php?rest_route=\/wp\/v2\/types\/post"}],"author":[{"embeddable":true,"href":"https:\/\/defensoriaformosa.gob.ar\/index.php?rest_route=\/wp\/v2\/users\/1"}],"replies":[{"embeddable":true,"href":"https:\/\/defensoriaformosa.gob.ar\/index.php?rest_route=%2Fwp%2Fv2%2Fcomments&post=10390"}],"version-history":[{"count":1,"href":"https:\/\/defensoriaformosa.gob.ar\/index.php?rest_route=\/wp\/v2\/posts\/10390\/revisions"}],"predecessor-version":[{"id":10392,"href":"https:\/\/defensoriaformosa.gob.ar\/index.php?rest_route=\/wp\/v2\/posts\/10390\/revisions\/10392"}],"wp:featuredmedia":[{"embeddable":true,"href":"https:\/\/defensoriaformosa.gob.ar\/index.php?rest_route=\/wp\/v2\/media\/10391"}],"wp:attachment":[{"href":"https:\/\/defensoriaformosa.gob.ar\/index.php?rest_route=%2Fwp%2Fv2%2Fmedia&parent=10390"}],"wp:term":[{"taxonomy":"category","embeddable":true,"href":"https:\/\/defensoriaformosa.gob.ar\/index.php?rest_route=%2Fwp%2Fv2%2Fcategories&post=10390"},{"taxonomy":"post_tag","embeddable":true,"href":"https:\/\/defensoriaformosa.gob.ar\/index.php?rest_route=%2Fwp%2Fv2%2Ftags&post=10390"}],"curies":[{"name":"wp","href":"https:\/\/api.w.org\/{rel}","templated":true}]}}