{"id":10366,"date":"2020-02-28T16:10:18","date_gmt":"2020-02-28T19:10:18","guid":{"rendered":"http:\/\/2015.defensoriaformosa.gob.ar\/?p=10366"},"modified":"2020-02-28T16:10:18","modified_gmt":"2020-02-28T19:10:18","slug":"afirmo-la-defensoria-del-pueblo-que-ha-existido-en-nuestro-pais-una-aplicacion-de-exceso-de-prisiones-preventivas-medida-que-ha-afectado-la-libertad-personal-y-el-principio-del-esta","status":"publish","type":"post","link":"https:\/\/defensoriaformosa.gob.ar\/?p=10366","title":{"rendered":"AFIRMO LA DEFENSORIA DEL PUEBLO QUE HA EXISTIDO EN NUESTRO PAIS UNA APLICACI\u00d3N DE EXCESO DE \u201cPRISIONES PREVENTIVAS\u201d; MEDIDA QUE HA AFECTADO LA LIBERTAD PERSONAL Y EL PRINCIPIO DEL ESTADO DE INOCENCIA"},"content":{"rendered":"<p><strong>Desde la -Direcci\u00f3n de Derechos Humanos- de la Defensor\u00eda del Pueblo de la Provincia de Formosa, se expres\u00f3 que la controversia desatada en nuestro pa\u00eds y que repercute en todos los medios sobre la existencia o no, \u201cde presos pol\u00edticos\u201d, ha llevado a que el mism\u00edsimo Sr. Presidente Alberto Fern\u00e1ndez afirme, \u201cMe molesta que me digan que tengo presos pol\u00edticos porque no los tengo\u201d. <\/strong><\/p>\n<p><strong><!--more--><\/strong><\/p>\n<p>En tal sentido, el Ombudsman Provincial Dr. Jos\u00e9 Leonardo Gialluca, se\u00f1al\u00f3 que las afirmaciones conocidas hasta la fecha son variadas y pasan desde que se trata de una cuesti\u00f3n sem\u00e1ntica, lo que implica desde ir hasta la inexistencia de una definici\u00f3n de lo que es un preso pol\u00edtico, hasta el an\u00e1lisis de detenciones arbitrarias que deber\u00e1 determinar la Justicia Competente su contexto. Como todo est\u00e1 siempre relacionado con figuras pol\u00edticas o dirigentes sociales o gremiales que tienen o han tenido una variada relevancia, desde este Organismo de la Constituci\u00f3n, afirmamos que en nuestro pa\u00eds como consecuencia de una interpretaci\u00f3n que se denomina -Doctrina Irurzun- existen personas vinculadas a la pol\u00edtica que no gozan de las mismas garant\u00edas que los dem\u00e1s ciudadanos, pues la prisi\u00f3n preventiva es utilizada como una doble condena violando el debido proceso, la defensa en juicio y la presunci\u00f3n de inocencia, contrariando los antecedentes de la Corte IDH y de la CSJN .<br \/>\nLa condena social precede a estas condenas de tipo pol\u00edtico, casi siempre agitadas por los medios de comunicaci\u00f3n que, sin respetar los tiempos de la justicia, realizan condenas medi\u00e1ticas imposibilitando el buen ejercicio de la actividad de los jueces no siempre exentos de las presiones sociales y produciendo en el ciudadano com\u00fan, un descreimiento en la pol\u00edtica como medio para alcanzar los fines de una sociedad democr\u00e1tica.<br \/>\nEs que los especialistas en Derecho Penal afirman que, ha existido una aplicaci\u00f3n de exceso de \u201cprisiones preventivas\u201d: medida cautelar que obliga al imputado a ingresar a prisi\u00f3n durante la investigaci\u00f3n y hasta que se lleve a cabo el Juicio, afectando su derecho de libertad personal durante un dilatado tiempo. As\u00ed las cosas, este procedimiento, est\u00e1 en contra del principio del estado de inocencia, y se pena al acusado antes de demostrar su presumible culpabilidad y luego se da la situaci\u00f3n de que es imposible reparar cualquier da\u00f1o que se les cause si es declarado inocente. Es que cuando la libertad durante el proceso es la regla y siendo la prisi\u00f3n preventiva la excepci\u00f3n, el Estado mantiene detenidas a las v\u00edctimas por t\u00e9rminos superiores a los fijados por las normativas vigentes y las Convenciones Internacionales. En consecuencia, nuestra propia Justicia, lamentablemente deja de lado el principio de debido proceso de la ley penal, que est\u00e1 amparado por la Constituci\u00f3n Nacional, y entonces nos encontramos con un Poder Judicial que actu\u00f3 o act\u00faa en forma parcial, con un \u00e1nimo persecutorio, donde los detenidos se enfrentan a procesos interminables y no pueden acceder a sus leg\u00edtimos derechos, someti\u00e9ndoselos, \u201ca una perpetua prisi\u00f3n preventiva\u201d. Por ello, nos manifestamos desde este Organismo de la Constituci\u00f3n Provincial por la necesidad de que se respete el debido proceso en juicio a todos los ciudadanos y un pleno respeto por los derechos y garant\u00edas constitucionales para continuar perfeccionando el sistema democr\u00e1tico que tantas vidas ha costado, desterrando las pr\u00e1cticas que ponen en riesgo derechos y garant\u00edas amparadas constitucionalmente.<\/p>\n","protected":false},"excerpt":{"rendered":"<p>Desde la -Direcci\u00f3n de Derechos Humanos- de la Defensor\u00eda del Pueblo de la Provincia de Formosa, se expres\u00f3 que la controversia desatada en nuestro pa\u00eds y que repercute en todos los medios sobre la existencia o no, \u201cde presos pol\u00edticos\u201d, ha llevado a que el mism\u00edsimo Sr. Presidente Alberto Fern\u00e1ndez afirme, \u201cMe molesta que me [&hellip;]<\/p>\n","protected":false},"author":1,"featured_media":10367,"comment_status":"closed","ping_status":"closed","sticky":false,"template":"","format":"standard","meta":{"footnotes":""},"categories":[4,1],"tags":[],"class_list":["post-10366","post","type-post","status-publish","format-standard","has-post-thumbnail","hentry","category-ddhh","category-noticias"],"_links":{"self":[{"href":"https:\/\/defensoriaformosa.gob.ar\/index.php?rest_route=\/wp\/v2\/posts\/10366","targetHints":{"allow":["GET"]}}],"collection":[{"href":"https:\/\/defensoriaformosa.gob.ar\/index.php?rest_route=\/wp\/v2\/posts"}],"about":[{"href":"https:\/\/defensoriaformosa.gob.ar\/index.php?rest_route=\/wp\/v2\/types\/post"}],"author":[{"embeddable":true,"href":"https:\/\/defensoriaformosa.gob.ar\/index.php?rest_route=\/wp\/v2\/users\/1"}],"replies":[{"embeddable":true,"href":"https:\/\/defensoriaformosa.gob.ar\/index.php?rest_route=%2Fwp%2Fv2%2Fcomments&post=10366"}],"version-history":[{"count":1,"href":"https:\/\/defensoriaformosa.gob.ar\/index.php?rest_route=\/wp\/v2\/posts\/10366\/revisions"}],"predecessor-version":[{"id":10368,"href":"https:\/\/defensoriaformosa.gob.ar\/index.php?rest_route=\/wp\/v2\/posts\/10366\/revisions\/10368"}],"wp:featuredmedia":[{"embeddable":true,"href":"https:\/\/defensoriaformosa.gob.ar\/index.php?rest_route=\/wp\/v2\/media\/10367"}],"wp:attachment":[{"href":"https:\/\/defensoriaformosa.gob.ar\/index.php?rest_route=%2Fwp%2Fv2%2Fmedia&parent=10366"}],"wp:term":[{"taxonomy":"category","embeddable":true,"href":"https:\/\/defensoriaformosa.gob.ar\/index.php?rest_route=%2Fwp%2Fv2%2Fcategories&post=10366"},{"taxonomy":"post_tag","embeddable":true,"href":"https:\/\/defensoriaformosa.gob.ar\/index.php?rest_route=%2Fwp%2Fv2%2Ftags&post=10366"}],"curies":[{"name":"wp","href":"https:\/\/api.w.org\/{rel}","templated":true}]}}