{"id":10352,"date":"2020-02-27T17:23:47","date_gmt":"2020-02-27T20:23:47","guid":{"rendered":"http:\/\/2015.defensoriaformosa.gob.ar\/?p=10352"},"modified":"2020-02-27T17:24:09","modified_gmt":"2020-02-27T20:24:09","slug":"la-defensoria-insto-a-estar-preparados-para-hacer-frente-al-coronavirus","status":"publish","type":"post","link":"https:\/\/defensoriaformosa.gob.ar\/?p=10352","title":{"rendered":"La Defensor\u00eda inst\u00f3 a estar preparados para hacer frente al Coronavirus"},"content":{"rendered":"<p><strong>Desde la Direcci\u00f3n de Salud de la Defensor\u00eda del Pueblo de la Provincia instaron a la comunidad a estar preparados para la llegada del 2019-nCoV, m\u00e1s conocido como \u201ccoronavirus\u201d el cual, desde el brote epid\u00e9mico ocurrido el pasado mes de diciembre en Wuhan (China), distante a 12.120 km. de nuestra provincia, ha contagiado en todo el mundo a m\u00e1s de 82.000 personas, 2084 de las cuales han fallecido. <\/strong><\/p>\n<p><!--more--><\/p>\n<p>Operando una vertiginosa expansi\u00f3n territorial que ya abarca m\u00e1s de 40 pa\u00edses del planeta. Sobre el particular, el Defensor del Pueblo de la Provincia, Jos\u00e9 Leonardo Gialluca, destac\u00f3 como positiva la unificaci\u00f3n del Protocolo de Intervenci\u00f3n para definir c\u00f3mo actuar ante un posible brote de coronavirus en el pa\u00eds estatuido por los referentes del Ministerio de Desarrollo Humano de la Provincia, del Hospital de Alta Complejidad (HAC), de la Aduana, Migraciones, del Sistema Integral Provincial de Emergencias y Cat\u00e1strofes (SIPEC) y la Polic\u00eda de Seguridad Aeroportuaria Argentina \u2013 Formosa, destacando que el Organismo de la Constituci\u00f3n inst\u00f3 adem\u00e1s a lograr la coordinaci\u00f3n entre dichos estamentos con las dem\u00e1s fuerzas vivas, especialmente la Polic\u00eda de la Provincia y el Ministerio de Cultura y Educaci\u00f3n, as\u00ed como con representantes sociales de nuestra comunidad, a fin de cubrir todo el espectro de la actividad socio-cultural provincial que es donde se deber\u00e1 producir la detecci\u00f3n temprana, llegado el caso y la intervenci\u00f3n inmediata que requiere el arribo de una enfermedad pand\u00e9mica, por lo visto extremadamente agresiva.<br \/>\nEl virus parece ser una cepa de coronavirus nunca antes vista, una gran familia de virus que puede causar enfermedades que van desde el resfriado com\u00fan hasta el s\u00edndrome respiratorio agudo severo (SRAS), de ah\u00ed es que produce la muerte en grupos vulnerables ni\u00f1os y adultos mayores, especialmente los que tienen alguna enfermedad que debilita sus sistemas inmunol\u00f3gicos. Afecta el sistema respiratorio, los s\u00edntomas principales incluyen debilidad general y fiebre, a veces, en un estad\u00edo m\u00e1s avanzado, tos, neumon\u00eda y dificultad para respirar.<br \/>\nAl igual que con otros coronavirus, la infecci\u00f3n por gotas parece ser el principal modo de transmisi\u00f3n. El virus ingresa al cuerpo humano a trav\u00e9s de la boca o la nariz. Esto puede suceder al respirar gotas infectadas o al tocar con las manos una superficie en la que las gotas han aterrizado, y luego tocarse la boca o la nariz. Por lo tanto, las medidas simples de control de infecciones son las que inst\u00f3 la Defensor\u00eda a adoptar, como ser el lavado de manos, cubrirse la nariz y boca con la parte interior del codo al toser y estornudar. Los h\u00e1bitos de higiene son fundamentales lavarse \u00edntegramente las manos con agua y abundante jab\u00f3n es primordial, hacerlo al menos 20 segundos y si no hay suciedad visible en las manos, el alcohol en gel tambi\u00e9n es una buena opci\u00f3n. Los s\u00edntomas de la enfermedad pueden aparecer de dos a catorce d\u00edas del contagio y suelen confundirse con una gripe com\u00fan, pues son fiebre, tos, falta de aire o dificultad para respirar, por lo que en caso de confirmarse un solo caso en nuestro territorio provincial ante dichos s\u00edntomas se deber\u00e1 acudir de manera urgente a la consulta m\u00e9dica. Si bien a\u00fan no se registran casos en el pa\u00eds, aunque existen pacientes en observaci\u00f3n en C\u00f3rdoba, San Juan, Ushuaia, Santa Cruz y la provincia de Buenos Aires el Ombudsman Provincial, finalmente, remarco que expertos de la Organizaci\u00f3n Mundial de la Salud (OMS) no descartan que el virus llegue a cubrir \u00edntegramente el planeta y es por ello que debemos estar preparados.<\/p>\n","protected":false},"excerpt":{"rendered":"<p>Desde la Direcci\u00f3n de Salud de la Defensor\u00eda del Pueblo de la Provincia instaron a la comunidad a estar preparados para la llegada del 2019-nCoV, m\u00e1s conocido como \u201ccoronavirus\u201d el cual, desde el brote epid\u00e9mico ocurrido el pasado mes de diciembre en Wuhan (China), distante a 12.120 km. de nuestra provincia, ha contagiado en todo [&hellip;]<\/p>\n","protected":false},"author":1,"featured_media":10350,"comment_status":"closed","ping_status":"closed","sticky":false,"template":"","format":"standard","meta":{"footnotes":""},"categories":[1,6],"tags":[],"class_list":["post-10352","post","type-post","status-publish","format-standard","has-post-thumbnail","hentry","category-noticias","category-salud"],"_links":{"self":[{"href":"https:\/\/defensoriaformosa.gob.ar\/index.php?rest_route=\/wp\/v2\/posts\/10352","targetHints":{"allow":["GET"]}}],"collection":[{"href":"https:\/\/defensoriaformosa.gob.ar\/index.php?rest_route=\/wp\/v2\/posts"}],"about":[{"href":"https:\/\/defensoriaformosa.gob.ar\/index.php?rest_route=\/wp\/v2\/types\/post"}],"author":[{"embeddable":true,"href":"https:\/\/defensoriaformosa.gob.ar\/index.php?rest_route=\/wp\/v2\/users\/1"}],"replies":[{"embeddable":true,"href":"https:\/\/defensoriaformosa.gob.ar\/index.php?rest_route=%2Fwp%2Fv2%2Fcomments&post=10352"}],"version-history":[{"count":1,"href":"https:\/\/defensoriaformosa.gob.ar\/index.php?rest_route=\/wp\/v2\/posts\/10352\/revisions"}],"predecessor-version":[{"id":10353,"href":"https:\/\/defensoriaformosa.gob.ar\/index.php?rest_route=\/wp\/v2\/posts\/10352\/revisions\/10353"}],"wp:featuredmedia":[{"embeddable":true,"href":"https:\/\/defensoriaformosa.gob.ar\/index.php?rest_route=\/wp\/v2\/media\/10350"}],"wp:attachment":[{"href":"https:\/\/defensoriaformosa.gob.ar\/index.php?rest_route=%2Fwp%2Fv2%2Fmedia&parent=10352"}],"wp:term":[{"taxonomy":"category","embeddable":true,"href":"https:\/\/defensoriaformosa.gob.ar\/index.php?rest_route=%2Fwp%2Fv2%2Fcategories&post=10352"},{"taxonomy":"post_tag","embeddable":true,"href":"https:\/\/defensoriaformosa.gob.ar\/index.php?rest_route=%2Fwp%2Fv2%2Ftags&post=10352"}],"curies":[{"name":"wp","href":"https:\/\/api.w.org\/{rel}","templated":true}]}}