{"id":10346,"date":"2020-02-26T14:03:02","date_gmt":"2020-02-26T17:03:02","guid":{"rendered":"http:\/\/2015.defensoriaformosa.gob.ar\/?p=10346"},"modified":"2020-02-26T14:03:02","modified_gmt":"2020-02-26T17:03:02","slug":"la-afirmacion-del-ex-ministro-aranguren-sobre-la-pesificacion-de-la-generacion-de-energia-como-una-medida-coyuntural-se-le-recordo-que-no-olvidamos-que-fueron-los-padres-d","status":"publish","type":"post","link":"https:\/\/defensoriaformosa.gob.ar\/?p=10346","title":{"rendered":"LA AFIRMACION DEL EX MINISTRO ARANGUREN SOBRE LA PESIFICACION DE LA GENERACION DE ENERGIA, \u201cCOMO UNA MEDIDA COYUNTURAL\u201d SE LE RECORDO, \u201cQUE NO OLVIDAMOS QUE FUERON LOS PADRES DE LOS TARIFAZOS EN LA ARGENTINA\u201d"},"content":{"rendered":"<p><strong>El Titular de la Defensor\u00eda del Pueblo de la Provincia de Formosa Dr. Jos\u00e9 Leonardo Gialluca, rechaz\u00f3 por improcedentes, injustificadas y absurdas las afirmaciones del Ex Ministro de Energ\u00eda Juan Jos\u00e9 Aranguren durante el Gobierno de Mauricio Macri, al sostener el mismo, \u201cque el actual Gobierno Nacional, est\u00e1 atacando las consecuencias y no las causas, cuando se habla de pesificaci\u00f3n o dolarizaci\u00f3n de la generaci\u00f3n de la energ\u00eda, ya que para el Ex Funcionario, el principal problema del pa\u00eds, es que no se puede controlar ni el d\u00f3lar ni la inflaci\u00f3n\u201d. <\/strong><\/p>\n<p><!--more--><\/p>\n<p>Gialluca se\u00f1al\u00f3, que lo que no dice y se olvida arteramente Aranguren es que, durante 4 a\u00f1os, junto con el \u00faltimo Titular del ENRE Ing. Andr\u00e9s Chambouleyron que debi\u00f3 renunciar a su cargo, \u201cfueron los padres de los mayores tarifazos energ\u00e9ticos que conocemos los usuarios residenciales y comerciales\u201d. Ambos dise\u00f1aron aumentos de tarifas de energ\u00eda el\u00e9ctrica y de gas sin mediar Audiencias P\u00fablicas y siempre favoreciendo a empresas como Pampa Energ\u00eda, Bridas Corporation, a trav\u00e9s de Pan American Energy (PAE) de la familia Bulgheroni y otras. La pesificaci\u00f3n de la generaci\u00f3n de energ\u00eda el\u00e9ctrica, es un primer paso, puesto que deber\u00e1n buscarse las alternativas necesarias, para que estas medidas lleguen tambi\u00e9n al transporte e impacte en la posterior distribuci\u00f3n por parte de las distintas empresas tanto p\u00fablicas o privadas que funcionan en cada provincia. El Ombudsman Provincial, se\u00f1al\u00f3 que esto es necesario y urgente, \u201cpues no podemos tener tarifas de servicios p\u00fablicos dolarizadas y salarios pesificados y devaluados por la inflaci\u00f3n que dej\u00f3 el Gobierno Nacional anterior, sumado al descalabro econ\u00f3mico interno y externo, que ha llevado a que los \u00edndices de pobreza e indigencia sean los m\u00e1s altos de las \u00faltimas d\u00e9cadas\u201d. Es entonces que en este contexto, y al haber eliminado el Gobierno Nacional de Mauricio Macri todos los subsidios y beneficios a las provincias electrodependientes, en la actualidad con la pesificaci\u00f3n de una parte a las Compa\u00f1\u00edas de Generaci\u00f3n de Electricidad, que tendr\u00e1 como consecuencia un ahorro de unos USD 320 millones anuales, los usuarios no tendr\u00e1n ahora un descuento en sus facturas, pero s\u00ed permitir\u00e1 asegurarles que no deber\u00edan existir futuros aumentos una vez que se salga del congelamiento tarifario existente. Posteriormente, con el proceso integral de revisi\u00f3n de las tarifas y al reducirse los costos de la generaci\u00f3n de los actuales USD 69 en torno a USD 60 por MWH, todo ello debe impactar en el transporte y a favor de las distribuidoras, \u201clo que en consecuencia tendr\u00eda que beneficiar a los usuarios residenciales y comerciales\u201d. Para ello, ser\u00e1 fundamental que el ENRE funcione como un \u00d3rgano de Control y Fiscalizaci\u00f3n de todo este proceso y que no se den los resultados irregulares que tuvo la gesti\u00f3n de Andr\u00e9s Chambouleyron, que lleg\u00f3 a ese cargo siendo el segundo de Aranguren y a su vez, abogado asesor de las empresas generadoras y transportistas de energ\u00eda el\u00e9ctrica. Por ello, al tener el Estado Nacional un ahorro fiscal de unos USD 300 millones anuales, \u201ces la oportunidad que se nos otorgue una Tarifa Regional Diferenciada, ya que m\u00e1s del 35% del ingreso de los trabajadores formales va a parar directamente al pago de las facturas de energ\u00eda el\u00e9ctrica y esta es una situaci\u00f3n que no se puede sostener en el tiempo, toda vez que los salarios han sufrido una muy fuerte devaluaci\u00f3n y deben enfrentar la crisis econ\u00f3mica y social con valores muy altos en alimentos y medicamentos que dej\u00f3 el Gobierno Nacional anterior y que el actual, va tratando de resolver a favor de los sectores m\u00e1s vulnerables de nuestra poblaci\u00f3n y de las regiones que fueron m\u00e1s castigadas econ\u00f3micamente hablando por la administraci\u00f3n de Mauricio Macri\u201d.<\/p>\n","protected":false},"excerpt":{"rendered":"<p>El Titular de la Defensor\u00eda del Pueblo de la Provincia de Formosa Dr. Jos\u00e9 Leonardo Gialluca, rechaz\u00f3 por improcedentes, injustificadas y absurdas las afirmaciones del Ex Ministro de Energ\u00eda Juan Jos\u00e9 Aranguren durante el Gobierno de Mauricio Macri, al sostener el mismo, \u201cque el actual Gobierno Nacional, est\u00e1 atacando las consecuencias y no las causas, [&hellip;]<\/p>\n","protected":false},"author":1,"featured_media":10347,"comment_status":"closed","ping_status":"closed","sticky":false,"template":"","format":"standard","meta":{"footnotes":""},"categories":[1],"tags":[],"class_list":["post-10346","post","type-post","status-publish","format-standard","has-post-thumbnail","hentry","category-noticias"],"_links":{"self":[{"href":"https:\/\/defensoriaformosa.gob.ar\/index.php?rest_route=\/wp\/v2\/posts\/10346","targetHints":{"allow":["GET"]}}],"collection":[{"href":"https:\/\/defensoriaformosa.gob.ar\/index.php?rest_route=\/wp\/v2\/posts"}],"about":[{"href":"https:\/\/defensoriaformosa.gob.ar\/index.php?rest_route=\/wp\/v2\/types\/post"}],"author":[{"embeddable":true,"href":"https:\/\/defensoriaformosa.gob.ar\/index.php?rest_route=\/wp\/v2\/users\/1"}],"replies":[{"embeddable":true,"href":"https:\/\/defensoriaformosa.gob.ar\/index.php?rest_route=%2Fwp%2Fv2%2Fcomments&post=10346"}],"version-history":[{"count":1,"href":"https:\/\/defensoriaformosa.gob.ar\/index.php?rest_route=\/wp\/v2\/posts\/10346\/revisions"}],"predecessor-version":[{"id":10348,"href":"https:\/\/defensoriaformosa.gob.ar\/index.php?rest_route=\/wp\/v2\/posts\/10346\/revisions\/10348"}],"wp:featuredmedia":[{"embeddable":true,"href":"https:\/\/defensoriaformosa.gob.ar\/index.php?rest_route=\/wp\/v2\/media\/10347"}],"wp:attachment":[{"href":"https:\/\/defensoriaformosa.gob.ar\/index.php?rest_route=%2Fwp%2Fv2%2Fmedia&parent=10346"}],"wp:term":[{"taxonomy":"category","embeddable":true,"href":"https:\/\/defensoriaformosa.gob.ar\/index.php?rest_route=%2Fwp%2Fv2%2Fcategories&post=10346"},{"taxonomy":"post_tag","embeddable":true,"href":"https:\/\/defensoriaformosa.gob.ar\/index.php?rest_route=%2Fwp%2Fv2%2Ftags&post=10346"}],"curies":[{"name":"wp","href":"https:\/\/api.w.org\/{rel}","templated":true}]}}