{"id":10338,"date":"2020-02-25T18:57:31","date_gmt":"2020-02-25T21:57:31","guid":{"rendered":"http:\/\/2015.defensoriaformosa.gob.ar\/?p=10338"},"modified":"2020-02-25T18:57:31","modified_gmt":"2020-02-25T21:57:31","slug":"la-defensoria-senalo-que-la-pesificacion-de-la-generacion-de-la-energia-debera-reflejarse-en-una-disminucion-importante-en-lo-que-pagan-los-usuarios-residenciales-y-comerciantes","status":"publish","type":"post","link":"https:\/\/defensoriaformosa.gob.ar\/?p=10338","title":{"rendered":"LA DEFENSOR\u00cdA SE\u00d1AL\u00d3 QUE LA PESIFICACION DE LA GENERACI\u00d3N DE LA ENERG\u00cdA DEBERA REFLEJARSE EN UNA DISMINUCI\u00d3N IMPORTANTE EN LO QUE PAGAN LOS USUARIOS RESIDENCIALES Y COMERCIANTES"},"content":{"rendered":"<p><strong>Luego de una serie de versiones opuestas sobre el descongelamiento del precio de la energ\u00eda el\u00e9ctrica, se aclar\u00f3 que el Gobierno Nacional de Alberto Fern\u00e1ndez, no tiene en agenda esta tem\u00e1tica. En este contexto, el Ombudsman Provincial Dr. Jos\u00e9 Leonardo Gialluca, que lo que s\u00ed est\u00e1 a punto de publicarse mediante Resoluci\u00f3n del Ministerio de Desarrollo Productivo de Argentina, es el pago en pesos de parte de la energ\u00eda a las empresas generadoras que son las que producen la misma. Record\u00f3 el Funcionario Provincial, que\u00bb los precios de la Generaci\u00f3n y Transporte de energ\u00eda fueron dolarizadas por el Gobierno Nacional anterior y ahora se las est\u00e1 pesificando\u00bb. <\/strong><\/p>\n<p><!--more--><\/p>\n<p>Con estas decisiones el Gobierno Nacional, podr\u00e1 cumplir con lo ordenado por la CSJN, en el sentido de que el costo de los servicios p\u00fablicos, entre ellos la energ\u00eda el\u00e9ctrica deben ser razonables, justificables y esencialmente pagables por cada grupo familiar seg\u00fan la regi\u00f3n del pa\u00eds en la que vive y desarrolla su vida. Gialluca se\u00f1al\u00f3 que lo m\u00e1s importante de todo esto, es que no se puede dejar de olvidar que entre el 2015 y el 2018, las generadoras de energ\u00eda tuvieron un incremento de m\u00e1s del 60% en sus ganancias y resulta que ahora salen nuevamente a \u00abvictimizarse, amenazando que no podr\u00e1n hacer nuevas inversiones, cuando nunca las concretaron con sus fondos, sino una que otra y utilizando lo que los usuarios pagamos por tarifas dolarizadas\u00bb. A\u00f1adi\u00f3, Gialluca, que las generadoras y transportistas son los mismos grupos econ\u00f3micos y que el ENRE nunca las control\u00f3, por lo que Institucionalmente pediremos que las fiscalicen, pues estamos hablando de servicios p\u00fablicos esenciales que hacen a los Derechos Humanos de miles de personas. Ahora, esperamos y trabajaremos para que estas medidas, repercutan a favor de las econom\u00edas familiares y la gente ya sea los usuarios residenciales podamos ver disminuir lo que pagamos por casa factura. Ello es as\u00ed, pues, el costo de generaci\u00f3n de energ\u00eda pasar\u00e1 de US$ 69 por MWH a US$ 60 y si se tiene en cuenta que la generaci\u00f3n impacta en un 50% en las facturas, los usuarios residenciales tendr\u00edamos que pagar mucho menos y eso es lo que vamos a buscar, adem\u00e1s de que se fije una Tarifa El\u00e9ctrica Diferenciada para una provincia electrodepediente y sugerir lo necesario para que los servicios p\u00fablicos no contin\u00faen dolarizados y los salarios pesificados.<\/p>\n","protected":false},"excerpt":{"rendered":"<p>Luego de una serie de versiones opuestas sobre el descongelamiento del precio de la energ\u00eda el\u00e9ctrica, se aclar\u00f3 que el Gobierno Nacional de Alberto Fern\u00e1ndez, no tiene en agenda esta tem\u00e1tica. En este contexto, el Ombudsman Provincial Dr. Jos\u00e9 Leonardo Gialluca, que lo que s\u00ed est\u00e1 a punto de publicarse mediante Resoluci\u00f3n del Ministerio de [&hellip;]<\/p>\n","protected":false},"author":1,"featured_media":10339,"comment_status":"closed","ping_status":"closed","sticky":false,"template":"","format":"standard","meta":{"footnotes":""},"categories":[1,3],"tags":[],"class_list":["post-10338","post","type-post","status-publish","format-standard","has-post-thumbnail","hentry","category-noticias","category-defensa-de-los-derechos-del-usuario-consumidor-contribuyentes"],"_links":{"self":[{"href":"https:\/\/defensoriaformosa.gob.ar\/index.php?rest_route=\/wp\/v2\/posts\/10338","targetHints":{"allow":["GET"]}}],"collection":[{"href":"https:\/\/defensoriaformosa.gob.ar\/index.php?rest_route=\/wp\/v2\/posts"}],"about":[{"href":"https:\/\/defensoriaformosa.gob.ar\/index.php?rest_route=\/wp\/v2\/types\/post"}],"author":[{"embeddable":true,"href":"https:\/\/defensoriaformosa.gob.ar\/index.php?rest_route=\/wp\/v2\/users\/1"}],"replies":[{"embeddable":true,"href":"https:\/\/defensoriaformosa.gob.ar\/index.php?rest_route=%2Fwp%2Fv2%2Fcomments&post=10338"}],"version-history":[{"count":1,"href":"https:\/\/defensoriaformosa.gob.ar\/index.php?rest_route=\/wp\/v2\/posts\/10338\/revisions"}],"predecessor-version":[{"id":10340,"href":"https:\/\/defensoriaformosa.gob.ar\/index.php?rest_route=\/wp\/v2\/posts\/10338\/revisions\/10340"}],"wp:featuredmedia":[{"embeddable":true,"href":"https:\/\/defensoriaformosa.gob.ar\/index.php?rest_route=\/wp\/v2\/media\/10339"}],"wp:attachment":[{"href":"https:\/\/defensoriaformosa.gob.ar\/index.php?rest_route=%2Fwp%2Fv2%2Fmedia&parent=10338"}],"wp:term":[{"taxonomy":"category","embeddable":true,"href":"https:\/\/defensoriaformosa.gob.ar\/index.php?rest_route=%2Fwp%2Fv2%2Fcategories&post=10338"},{"taxonomy":"post_tag","embeddable":true,"href":"https:\/\/defensoriaformosa.gob.ar\/index.php?rest_route=%2Fwp%2Fv2%2Ftags&post=10338"}],"curies":[{"name":"wp","href":"https:\/\/api.w.org\/{rel}","templated":true}]}}