{"id":10325,"date":"2020-02-22T17:41:40","date_gmt":"2020-02-22T20:41:40","guid":{"rendered":"http:\/\/2015.defensoriaformosa.gob.ar\/?p=10325"},"modified":"2020-02-22T17:41:40","modified_gmt":"2020-02-22T20:41:40","slug":"las-defensorias-del-pueblo-de-formosa-y-chaco-solicitaron-al-gobierno-nacional-que-se-realice-audiencia-publica-para-conocer-el-precio-real-de-la-energia-electrica","status":"publish","type":"post","link":"https:\/\/defensoriaformosa.gob.ar\/?p=10325","title":{"rendered":"LAS DEFENSORIAS DEL PUEBLO DE FORMOSA Y CHACO SOLICITARON AL GOBIERNO NACIONAL QUE SE REALICE AUDIENCIA PUBLICA PARA CONOCER EL PRECIO REAL DE LA ENERGIA ELECTRICA"},"content":{"rendered":"<p><strong>El pedido se funda en los aumentos otorgados anteriormente que fueron ilegales, arbitrarios, desproporcionados, promiscuos, de las autoridades del gobierno de Mauricio Macri conjuntamente con las empresas generadoras y transportistas de energ\u00eda el\u00e9ctrica-<\/strong><\/p>\n<p><!--more--><\/p>\n<p>La Defensor\u00eda del Pueblo de la Provincia de Formosa conjuntamente con la del Chaco, solicitaron al Gobierno Nacional la realizaci\u00f3n de una Audiencia P\u00fablica para permitir conocer, \u201cel valor real de la energ\u00eda el\u00e9ctrica\u201d, y de esa manera blanquear los precios de generaci\u00f3n y transporte luego de los permanentes y variados aumentos tarifarios concretados durante el mandato de Mauricio Macri que nunca cumpli\u00f3 con lo ordenado por la CSJN y menos a\u00fan con la Ley de Audiencias P\u00fablicas para efectuar esas subas que en la actualidad estamos pagando en el NEA. Tanto el Ombudsman Provincial del Chaco Dr. Gustavo Corregido, como el Defensor del Pueblo de la Provincia de Formosa Dr. Jos\u00e9 Leonardo Gialluca, han planteado por ante la Justicia Federal Competente y tambi\u00e9n administrativamente la ilegalidad de los sucesivos aumentos de la energ\u00eda el\u00e9ctrica en la gesti\u00f3n nacional anterior. Ahora, con la Asunci\u00f3n de un nuevo Gobierno Nacional a cargo del Dr. Alberto Fernandez, ambas Instituciones entendieron que es necesario una Audiencia P\u00fablica, ya que ha trascurrido un plazo m\u00e1s que razonable de tiempo para que se conozca el valor real del kilovatio y de la energ\u00eda el\u00e9ctrica, toda vez que el precio de la misma, hace que actualmente centenares de grupos familiares, se les haga dif\u00edcil el cumplir con sus obligaciones de pagar mensualmente lo que se les factura, atento a que vivimos en provincias electrodependientes y donde por las altas temperaturas el consumo energ\u00e9tico es mayor por una cuesti\u00f3n de necesidad y de poder vivir dignamente.<br \/>\nTodo ello, m\u00e1s all\u00e1 del congelamiento de las tarifas el\u00e9ctricas, ordenado por el Gobierno Nacional actual, la cual fue considerada como una medida acertada, no es suficiente para determinar el valor real de las tarifas el\u00e9ctricas especialmente en lo referente a su generaci\u00f3n y transporte, \u201cya que es de conocimiento p\u00fablico que los aumentos otorgados anteriormente fueron ilegales, arbitrarios, desproporcionados, promiscuos, de las autoridades del gobierno de Mauricio Macri conjuntamente con las empresas generadoras de energ\u00eda el\u00e9ctrica\u201d, y de all\u00ed la necesidad de convocarse a esta Audiencia P\u00fablica. Por \u00faltimo, Gialluca se\u00f1al\u00f3 que la semana pasada existieron anuncios del Jefe de Gabinete de Naci\u00f3n en cuanto a nuevos aumentos tarifarios, los cuales fueron totalmente desmentidos por el Presidente de la Naci\u00f3n Alberto Fernandez, quien inform\u00f3 que no tenemos en cartera actualmente el tema del aumento de tarifas. Lo que s\u00ed existe, es un an\u00e1lisis para saber que pas\u00f3 con todos los aumentos durante la gesti\u00f3n de Cambiemos y por ello, es necesario revisarlas para ver las ganancias exorbitantes que han tenido las empresas y lo que han pagado todos los usuarios argentinos. En esta misma l\u00ednea de razonamiento, es que se ubica justamente el pedido de las Defensor\u00edas del Pueblo en cuanto a la necesidad de una Audiencia P\u00fablica en la que no nos retaceen ning\u00fan tipo de informaci\u00f3n y podamos conocer los reales aumentos en la generaci\u00f3n y transporte de la energ\u00eda el\u00e9ctrica que autoriz\u00f3 el Gobierno Nacional anterior y que implicaron aumentos tarifarios de m\u00e1s del 3600% y la eliminaci\u00f3n de todo tipo de subsidio, lo que oblig\u00f3 al Gobierno Provincial de Formosa a implementar el \u00abPrograma Subsidio Provincial Esfuerzo Formose\u00f1o\u201d con fondos propios y que se mantiene hasta el d\u00eda de la fecha para todas las franjas sociales m\u00e1s vulnerables.<\/p>\n","protected":false},"excerpt":{"rendered":"<p>El pedido se funda en los aumentos otorgados anteriormente que fueron ilegales, arbitrarios, desproporcionados, promiscuos, de las autoridades del gobierno de Mauricio Macri conjuntamente con las empresas generadoras y transportistas de energ\u00eda el\u00e9ctrica-<\/p>\n","protected":false},"author":1,"featured_media":10326,"comment_status":"closed","ping_status":"closed","sticky":false,"template":"","format":"standard","meta":{"footnotes":""},"categories":[1,3],"tags":[],"class_list":["post-10325","post","type-post","status-publish","format-standard","has-post-thumbnail","hentry","category-noticias","category-defensa-de-los-derechos-del-usuario-consumidor-contribuyentes"],"_links":{"self":[{"href":"https:\/\/defensoriaformosa.gob.ar\/index.php?rest_route=\/wp\/v2\/posts\/10325","targetHints":{"allow":["GET"]}}],"collection":[{"href":"https:\/\/defensoriaformosa.gob.ar\/index.php?rest_route=\/wp\/v2\/posts"}],"about":[{"href":"https:\/\/defensoriaformosa.gob.ar\/index.php?rest_route=\/wp\/v2\/types\/post"}],"author":[{"embeddable":true,"href":"https:\/\/defensoriaformosa.gob.ar\/index.php?rest_route=\/wp\/v2\/users\/1"}],"replies":[{"embeddable":true,"href":"https:\/\/defensoriaformosa.gob.ar\/index.php?rest_route=%2Fwp%2Fv2%2Fcomments&post=10325"}],"version-history":[{"count":1,"href":"https:\/\/defensoriaformosa.gob.ar\/index.php?rest_route=\/wp\/v2\/posts\/10325\/revisions"}],"predecessor-version":[{"id":10327,"href":"https:\/\/defensoriaformosa.gob.ar\/index.php?rest_route=\/wp\/v2\/posts\/10325\/revisions\/10327"}],"wp:featuredmedia":[{"embeddable":true,"href":"https:\/\/defensoriaformosa.gob.ar\/index.php?rest_route=\/wp\/v2\/media\/10326"}],"wp:attachment":[{"href":"https:\/\/defensoriaformosa.gob.ar\/index.php?rest_route=%2Fwp%2Fv2%2Fmedia&parent=10325"}],"wp:term":[{"taxonomy":"category","embeddable":true,"href":"https:\/\/defensoriaformosa.gob.ar\/index.php?rest_route=%2Fwp%2Fv2%2Fcategories&post=10325"},{"taxonomy":"post_tag","embeddable":true,"href":"https:\/\/defensoriaformosa.gob.ar\/index.php?rest_route=%2Fwp%2Fv2%2Ftags&post=10325"}],"curies":[{"name":"wp","href":"https:\/\/api.w.org\/{rel}","templated":true}]}}