{"id":10322,"date":"2020-02-21T21:20:29","date_gmt":"2020-02-22T00:20:29","guid":{"rendered":"http:\/\/2015.defensoriaformosa.gob.ar\/?p=10322"},"modified":"2020-02-21T21:20:29","modified_gmt":"2020-02-22T00:20:29","slug":"afirmo-la-defensoria-del-pueblo-que-aumentar-la-edad-para-las-jubilaciones-constituiria-una-medida-injusta-que-perjudicara-a-los-sectores-mas-vulnerables","status":"publish","type":"post","link":"https:\/\/defensoriaformosa.gob.ar\/?p=10322","title":{"rendered":"AFIRMO LA DEFENSORIA DEL PUEBLO QUE AUMENTAR LA EDAD PARA LAS JUBILACIONES, CONSTITUIRIA UNA MEDIDA INJUSTA QUE PERJUDICARA A LOS SECTORES MAS VULNERABLES"},"content":{"rendered":"<p><strong>La posible reforma consistente en aumentar la edad legal de jubilaci\u00f3n no suscita ning\u00fan entusiasmo entre los trabajadores, principales interesados, seg\u00fan han manifestado repetidamente las organizaciones que los representan. <\/strong><\/p>\n<p><!--more--><\/p>\n<p>El tema, se plante\u00f3 a partir de que el Ministro de Trabajo Claudio Moroni, afirm\u00f3 que las edades para jubilarse de 60 a\u00f1os las mujeres y 65 a\u00f1os los hombres, vienen de hace mucho tiempo y las expectativas de vida van creciendo y que en alg\u00fan momento se deber\u00e1n discutir las mismas. Al mismo tiempo, el Titular del ANSES Alejandro Vanoli, sali\u00f3 a afirmar que, \u201cno est\u00e1 previsto por el Gobierno Nacional ning\u00fan proyecto, ni agenda, ni estudio para aumentar la edad de las jubilaciones\u201d. Por ello es que, la incertidumbre se instal\u00f3 en nuestra sociedad y hay que tener en cuenta, se\u00f1alaron desde la Defensor\u00eda del Pueblo que el FMI suele alentar este tipo de modificaciones, ya que sirven para aliviar las cuentas p\u00fablicas y una de sus pretensiones es subir la edad de las mismas a 65 para mujeres y 67 para hombres. El Ombudsman Provincial Dr. Jos\u00e9 Leonardo Gialluca, se\u00f1al\u00f3 que esta es una medida controvertida, por tanto, tendr\u00eda que tener el acompa\u00f1amiento y consenso de los agentes o partes que podr\u00edan verse involucradas. El punto central radica en \u00bfEs realmente necesaria?, una medida como esta, salvo que su adopci\u00f3n resuelva al menos un problema, sin provocar excesivos da\u00f1os colaterales. \u00bfA qu\u00e9 problemas dar\u00eda soluci\u00f3n una reforma de este tipo? A mayor esperanza de vida, m\u00e1s trabajo. Una idea muy extendida es que las dificultades de los sistemas de jubilaciones, provienen exclusivamente de la demograf\u00eda. Es cierto que vivimos m\u00e1s a\u00f1os y es muy probable que la esperanza de vida despu\u00e9s de los 75 a\u00f1os siga aumentando. La pregunta entonces es, \u00bfQu\u00e9 sociedad es la nuestra, que puede transformar uno de los mayores logros de la humanidad en un problema? Es evidente que se pueden plantear diversas formas de distribuir el tiempo del que dispondremos. \u00bfCu\u00e1nto vamos a dedicar a trabajar m\u00e1s y cu\u00e1nto a ocio, a la familia, a la colectividad o al enriquecimiento personal? Es una cuesti\u00f3n importante, que exigir\u00eda un debate en la sociedad para contrastar las preferencias individuales, las consecuencias sociales y los costos de las diferentes opciones; que exigir\u00eda tambi\u00e9n soluciones que respetaran la libertad de elegir y las diferencias de penosidad y de apego al trabajo concreto de cada uno. Existen personas que pelean en los tribunales su derecho a seguir trabajando despu\u00e9s de los 70 a\u00f1os y otros, en diversas profesiones, que, con solo algo m\u00e1s de 50, sue\u00f1an con una jubilaci\u00f3n anticipada. Resalt\u00f3 Gialluca que, nuestro Gobierno Provincial a pesar de las dificultades econ\u00f3micas que debi\u00f3 y debe atravesar, nunca trasfiri\u00f3 la Caja de Previsi\u00f3n Social a Naci\u00f3n y el Estado Local contin\u00faa protegiendo a todos nuestros jubilados de manera destacada y haciendo realidad los principio de justicia social, teniendo en cuenta que el mismo paga el 82% m\u00f3vil con fondos del tesoro provincial y no existen retrasos o incertidumbres en relaci\u00f3n al cumplimiento todos los meses en cuanto a los compromisos que le corresponden. Por otro lado, inform\u00f3 que la edad de jubilaci\u00f3n en Am\u00e9rica Latina para las mujeres va desde los 50 a\u00f1os para las mujeres en Bolivia y 55 para los hombres, Colombia 57 para las mujeres y 62 para los hombres, Brasil 60 para las mujeres y 65 para los hombres, Uruguay y Paraguay 60 para las mujeres y 60 para los hombres, M\u00e9xico 65 para las mujeres y 65 para los hombres, Chile 60 para las mujeres y 65 para los hombres, Colombia 57 para las mujeres y 62 para los hombres, Ecuador 60 para las mujeres y 60 para los hombres y as\u00ed sucesivamente. La gran pregunta es \u00bfc\u00f3mo financiar las jubilaciones?, ya que en todas las regiones del mundo va aumentando la esperanza de vida y cada vez hay menos trabajadores que aportan al sistema, por lo que se plantea todo un dilema, donde cada Pa\u00eds y Gobierno van adoptando, \u201csistemas mixtos\u201d conforme a sus realidades y capacidades, de ello surge que aumentar la edad de las jubilaciones \u00fanicamente no es la mejor soluci\u00f3n.<\/p>\n","protected":false},"excerpt":{"rendered":"<p>La posible reforma consistente en aumentar la edad legal de jubilaci\u00f3n no suscita ning\u00fan entusiasmo entre los trabajadores, principales interesados, seg\u00fan han manifestado repetidamente las organizaciones que los representan.<\/p>\n","protected":false},"author":1,"featured_media":10323,"comment_status":"closed","ping_status":"closed","sticky":false,"template":"","format":"standard","meta":{"footnotes":""},"categories":[1],"tags":[],"class_list":["post-10322","post","type-post","status-publish","format-standard","has-post-thumbnail","hentry","category-noticias"],"_links":{"self":[{"href":"https:\/\/defensoriaformosa.gob.ar\/index.php?rest_route=\/wp\/v2\/posts\/10322","targetHints":{"allow":["GET"]}}],"collection":[{"href":"https:\/\/defensoriaformosa.gob.ar\/index.php?rest_route=\/wp\/v2\/posts"}],"about":[{"href":"https:\/\/defensoriaformosa.gob.ar\/index.php?rest_route=\/wp\/v2\/types\/post"}],"author":[{"embeddable":true,"href":"https:\/\/defensoriaformosa.gob.ar\/index.php?rest_route=\/wp\/v2\/users\/1"}],"replies":[{"embeddable":true,"href":"https:\/\/defensoriaformosa.gob.ar\/index.php?rest_route=%2Fwp%2Fv2%2Fcomments&post=10322"}],"version-history":[{"count":1,"href":"https:\/\/defensoriaformosa.gob.ar\/index.php?rest_route=\/wp\/v2\/posts\/10322\/revisions"}],"predecessor-version":[{"id":10324,"href":"https:\/\/defensoriaformosa.gob.ar\/index.php?rest_route=\/wp\/v2\/posts\/10322\/revisions\/10324"}],"wp:featuredmedia":[{"embeddable":true,"href":"https:\/\/defensoriaformosa.gob.ar\/index.php?rest_route=\/wp\/v2\/media\/10323"}],"wp:attachment":[{"href":"https:\/\/defensoriaformosa.gob.ar\/index.php?rest_route=%2Fwp%2Fv2%2Fmedia&parent=10322"}],"wp:term":[{"taxonomy":"category","embeddable":true,"href":"https:\/\/defensoriaformosa.gob.ar\/index.php?rest_route=%2Fwp%2Fv2%2Fcategories&post=10322"},{"taxonomy":"post_tag","embeddable":true,"href":"https:\/\/defensoriaformosa.gob.ar\/index.php?rest_route=%2Fwp%2Fv2%2Ftags&post=10322"}],"curies":[{"name":"wp","href":"https:\/\/api.w.org\/{rel}","templated":true}]}}