{"id":10319,"date":"2020-02-20T15:46:14","date_gmt":"2020-02-20T18:46:14","guid":{"rendered":"http:\/\/2015.defensoriaformosa.gob.ar\/?p=10319"},"modified":"2020-02-20T15:46:14","modified_gmt":"2020-02-20T18:46:14","slug":"levantaron-el-corte-de-la-ruta-nacional-no-86-y-la-defensoria-pidio-que-se-investigue-y-se-imputen-a-los-autores-materiales-e-intelectuales-de-delitos-comunes-ocurridos-en-la-zona","status":"publish","type":"post","link":"https:\/\/defensoriaformosa.gob.ar\/?p=10319","title":{"rendered":"LEVANTARON EL CORTE DE LA RUTA NACIONAL N\u00ba 86 Y LA DEFENSORIA PIDIO QUE SE INVESTIGUE Y SE IMPUTEN A LOS AUTORES MATERIALES E INTELECTUALES DE DELITOS COMUNES OCURRIDOS EN LA ZONA"},"content":{"rendered":"<p><strong>Inform\u00f3 la Defensor\u00eda del Pueblo que, entrada la noche del d\u00eda de ayer, aproximadamente a las 21:30 horas, un grupo reducido de abor\u00edgenes de la Comunidad La Primavera que llevaban adelante un corte total de la Ruta Nacional N\u00ba 86, decidi\u00f3 levantar el mismo<\/strong>.<\/p>\n<p><!--more--><\/p>\n<p>El Ombudsman Provincial Dr. Jos\u00e9 Leonardo Gialluca, se\u00f1al\u00f3 que todo esto se dio gracias a la intervenci\u00f3n de los integrantes de la Asociaci\u00f3n Civil La Primavera que preside el Se\u00f1or Ra\u00fal Chilaloy, quien coordinadamente con los t\u00e9cnicos y agentes del SPAP (Servicio Provincial de Agua Potable), terminaron distribuyendo esta primera tanda de tanques tanto en la zona de La Esperanza y del Barrio Nuevo en un total de m\u00e1s de 30 que fueron ubicados en los ingresos de la Colonia La Primavera. En cuanto a los delitos o hechos de agresiones hacia un docente de la Escuela de Frontera N\u00ba 13 y otros que se est\u00e1n investigando por las Fuerzas de Seguridad Nacionales y por la Polic\u00eda de la Provincia de Formosa, el Defensor del Pueblo, fue tajante en su apreciaci\u00f3n al se\u00f1alar que sectores que viven en la Comunidad antes citada, deben tener presente siempre que no solamente poseen derechos, sino como todos los argentinos tenemos adem\u00e1s las correspondientes obligaciones. En tal sentido, desde el Gobierno de la Provincia de Formosa, se viene desde hace a\u00f1os llevando a cabo una serie de obras de servicios esenciales, viviendas, escuelas, centros de salud con m\u00e9dicos las 24 horas, enripiado de calles, distribuci\u00f3n de m\u00f3dulos alimentarios y un sinn\u00famero de asistencias sociales, \u201cque algunos reducidos grupos de originarios no valoran y utilizando la violencia arremeten contra cualquier ciudadano originario o criollo que intente pensar diferente, y all\u00ed aparecen las v\u00edctimas de las intimidaciones verbales y lesiones f\u00edsicas, por lo cual, pedimos que la Justicia Provincial intervenga en todos estos casos e impute a los autores materiales de estos hechos, pues de lo contrario siempre queda todo en la nada, y advertimos que de no ponerse las cosas mediante la Justicia y la Ley en su lugar, en cualquier momento tendremos hechos de mayor gravedad que lamentar, justamente por las actitudes temerarias y desmedidas de estas personas que no constituyen y no representan el sentir y el modo de vivir de toda una Comunidad Originaria que realmente est\u00e1 siendo siempre privilegiada y todo esto debe tener un l\u00edmite, m\u00e1s all\u00e1 de nuestra propia autocritica que existen sectores del Estado Provincial que en ocasiones no llevan adelante las gestiones como tendr\u00edan que hacerlo en esta Comunidad y en cualquier punto de nuestro Territorio Provincial\u201d.<\/p>\n","protected":false},"excerpt":{"rendered":"<p>Inform\u00f3 la Defensor\u00eda del Pueblo que, entrada la noche del d\u00eda de ayer, aproximadamente a las 21:30 horas, un grupo reducido de abor\u00edgenes de la Comunidad La Primavera que llevaban adelante un corte total de la Ruta Nacional N\u00ba 86, decidi\u00f3 levantar el mismo.<\/p>\n","protected":false},"author":1,"featured_media":10320,"comment_status":"closed","ping_status":"closed","sticky":false,"template":"","format":"standard","meta":{"footnotes":""},"categories":[1],"tags":[],"class_list":["post-10319","post","type-post","status-publish","format-standard","has-post-thumbnail","hentry","category-noticias"],"_links":{"self":[{"href":"https:\/\/defensoriaformosa.gob.ar\/index.php?rest_route=\/wp\/v2\/posts\/10319","targetHints":{"allow":["GET"]}}],"collection":[{"href":"https:\/\/defensoriaformosa.gob.ar\/index.php?rest_route=\/wp\/v2\/posts"}],"about":[{"href":"https:\/\/defensoriaformosa.gob.ar\/index.php?rest_route=\/wp\/v2\/types\/post"}],"author":[{"embeddable":true,"href":"https:\/\/defensoriaformosa.gob.ar\/index.php?rest_route=\/wp\/v2\/users\/1"}],"replies":[{"embeddable":true,"href":"https:\/\/defensoriaformosa.gob.ar\/index.php?rest_route=%2Fwp%2Fv2%2Fcomments&post=10319"}],"version-history":[{"count":1,"href":"https:\/\/defensoriaformosa.gob.ar\/index.php?rest_route=\/wp\/v2\/posts\/10319\/revisions"}],"predecessor-version":[{"id":10321,"href":"https:\/\/defensoriaformosa.gob.ar\/index.php?rest_route=\/wp\/v2\/posts\/10319\/revisions\/10321"}],"wp:featuredmedia":[{"embeddable":true,"href":"https:\/\/defensoriaformosa.gob.ar\/index.php?rest_route=\/wp\/v2\/media\/10320"}],"wp:attachment":[{"href":"https:\/\/defensoriaformosa.gob.ar\/index.php?rest_route=%2Fwp%2Fv2%2Fmedia&parent=10319"}],"wp:term":[{"taxonomy":"category","embeddable":true,"href":"https:\/\/defensoriaformosa.gob.ar\/index.php?rest_route=%2Fwp%2Fv2%2Fcategories&post=10319"},{"taxonomy":"post_tag","embeddable":true,"href":"https:\/\/defensoriaformosa.gob.ar\/index.php?rest_route=%2Fwp%2Fv2%2Ftags&post=10319"}],"curies":[{"name":"wp","href":"https:\/\/api.w.org\/{rel}","templated":true}]}}