{"id":10313,"date":"2020-02-19T16:48:32","date_gmt":"2020-02-19T19:48:32","guid":{"rendered":"http:\/\/2015.defensoriaformosa.gob.ar\/?p=10313"},"modified":"2020-02-19T16:48:32","modified_gmt":"2020-02-19T19:48:32","slug":"denuncio-la-defensoria-nuevo-corte-total-de-la-ruta-nacional-no-86-a-la-altura-de-la-comunidad-la-primavera","status":"publish","type":"post","link":"https:\/\/defensoriaformosa.gob.ar\/?p=10313","title":{"rendered":"DENUNCIO LA DEFENSORIA NUEVO CORTE TOTAL DE LA RUTA NACIONAL N\u00ba 86 A LA ALTURA DE LA COMUNIDAD LA PRIMAVERA"},"content":{"rendered":"<p><strong>Denuncio la Defensor\u00eda del Pueblo que, nuevamente y de manera inexplicable e injustificada, aproximadamente a las 14:15 del d\u00eda de ayer, un grupo minoritario de originarios de la Comunidad Aborigen La Primavera, procedieron al corte total de la Ruta Nacional N\u00ba 86, siendo encabezados de nuevo por la Sra. Hilda Sanagachi, Clemente Sanagachi, quienes al observar como dependientes del SPAP (Servicio Provincial de Agua Potable), distribu\u00edan y colocaban en horas de la ma\u00f1ana tanques de agua de 500 litros en el Sector de La Esperanza y en el Sector del Barrio Nuevo de la Comunidad Originaria de La Primavera, los cuales hab\u00edan sido solicitados en la \u00faltima -Audiencia Multiprop\u00f3sito- llevada a cabo en el Juzgado Federal N\u00ba 2 a cargo del Juez Subrogante Dr. Fernando Carbajal, para que sirvieran de reservorios del agua que es distribuida por camiones cisternas de unos 8 mil litros que provienen de la Localidad de Laguna Blanca y de esa manera tener un mejor aprovechamiento del vital l\u00edquido, el que no est\u00e1 llegando por las redes de agua potable en forma permanente y con la presi\u00f3n necesaria, dada la sequ\u00eda de las lagunas y riachos de la zona, lo que es de p\u00fablico y notorio conocimiento; exigieron que los mismos deb\u00edan ser instalados en los domicilios que los manifestantes determinaran y al no obtener una respuesta acorde a sus pretensiones, procedieron directamente a cortar totalmente el tr\u00e1nsito de la Ruta Nacional N\u00ba 86.<\/strong><\/p>\n<p><!--more--><\/p>\n<p>El Ombudsman Provincial Dr. Jos\u00e9 Leonardo Gialluca, denunci\u00f3 tambi\u00e9n que un docente que proven\u00eda de Naineck y que ten\u00eda por destino Laguna Blanca, que se trasladaba en un motoveh\u00edculo, fue agredido en la zona del corte de la ruta y ahora se instruyen todas las Actuaciones pertinentes. En este sentido, el Funcionario Provincial detall\u00f3 que, la primera tanda de los tanques de agua de 500 litros asciende a un total de 34 y que as\u00ed sucesivamente se va ir cubriendo por ahora a los sectores donde el agua por red no est\u00e1 llegando. Afirm\u00f3 que, esta intransigencia injustificada de los autores materiales del corte de la ruta, quienes terminan perjudicando a todos los que necesitan transitarla libremente, nos llevar\u00e1 a solicitar a la Justicia Federal, de persistir la medida de fuerza, una nueva -Audiencia Multiprop\u00f3sito- para que cada parte se exprese sobre el particular, pero desde ya advertimos que esperamos que la Justicia, coloque las cosas en su lugar, pues estas conductas y hechos adem\u00e1s de constituirse en delitos conforme el CPA, son llevadas a cabo con muy mala fe y fuertes abusos, teniendo en cuenta el cumplimiento de los compromisos asumidos por las distintas \u00c1reas del Gobierno de la Provincia de Formosa.<\/p>\n","protected":false},"excerpt":{"rendered":"<p>Denuncio la Defensor\u00eda del Pueblo que, nuevamente y de manera inexplicable e injustificada, aproximadamente a las 14:15 del d\u00eda de ayer, un grupo minoritario de originarios de la Comunidad Aborigen La Primavera, procedieron al corte total de la Ruta Nacional N\u00ba 86, siendo encabezados de nuevo por la Sra. Hilda Sanagachi, Clemente Sanagachi, quienes al [&hellip;]<\/p>\n","protected":false},"author":1,"featured_media":10314,"comment_status":"closed","ping_status":"closed","sticky":false,"template":"","format":"standard","meta":{"footnotes":""},"categories":[1,7],"tags":[],"class_list":["post-10313","post","type-post","status-publish","format-standard","has-post-thumbnail","hentry","category-noticias","category-seguridad-vial"],"_links":{"self":[{"href":"https:\/\/defensoriaformosa.gob.ar\/index.php?rest_route=\/wp\/v2\/posts\/10313","targetHints":{"allow":["GET"]}}],"collection":[{"href":"https:\/\/defensoriaformosa.gob.ar\/index.php?rest_route=\/wp\/v2\/posts"}],"about":[{"href":"https:\/\/defensoriaformosa.gob.ar\/index.php?rest_route=\/wp\/v2\/types\/post"}],"author":[{"embeddable":true,"href":"https:\/\/defensoriaformosa.gob.ar\/index.php?rest_route=\/wp\/v2\/users\/1"}],"replies":[{"embeddable":true,"href":"https:\/\/defensoriaformosa.gob.ar\/index.php?rest_route=%2Fwp%2Fv2%2Fcomments&post=10313"}],"version-history":[{"count":1,"href":"https:\/\/defensoriaformosa.gob.ar\/index.php?rest_route=\/wp\/v2\/posts\/10313\/revisions"}],"predecessor-version":[{"id":10315,"href":"https:\/\/defensoriaformosa.gob.ar\/index.php?rest_route=\/wp\/v2\/posts\/10313\/revisions\/10315"}],"wp:featuredmedia":[{"embeddable":true,"href":"https:\/\/defensoriaformosa.gob.ar\/index.php?rest_route=\/wp\/v2\/media\/10314"}],"wp:attachment":[{"href":"https:\/\/defensoriaformosa.gob.ar\/index.php?rest_route=%2Fwp%2Fv2%2Fmedia&parent=10313"}],"wp:term":[{"taxonomy":"category","embeddable":true,"href":"https:\/\/defensoriaformosa.gob.ar\/index.php?rest_route=%2Fwp%2Fv2%2Fcategories&post=10313"},{"taxonomy":"post_tag","embeddable":true,"href":"https:\/\/defensoriaformosa.gob.ar\/index.php?rest_route=%2Fwp%2Fv2%2Ftags&post=10313"}],"curies":[{"name":"wp","href":"https:\/\/api.w.org\/{rel}","templated":true}]}}