{"id":10310,"date":"2020-02-19T16:01:44","date_gmt":"2020-02-19T19:01:44","guid":{"rendered":"http:\/\/2015.defensoriaformosa.gob.ar\/?p=10310"},"modified":"2020-02-19T16:01:44","modified_gmt":"2020-02-19T19:01:44","slug":"barrios-de-pie-en-la-defensoria-convinieron-trabajar-para-que-las-ayudas-alimentarias-lleguen-a-los-sectores-mas-vulnerables-y-se-acordo-denunciar-remarcaciones-injustificadas-de-precios","status":"publish","type":"post","link":"https:\/\/defensoriaformosa.gob.ar\/?p=10310","title":{"rendered":"BARRIOS DE PIE EN LA DEFENSORIA, CONVINIERON TRABAJAR PARA QUE LAS AYUDAS ALIMENTARIAS LLEGUEN A LOS SECTORES MAS VULNERABLES Y SE ACORDO DENUNCIAR REMARCACIONES INJUSTIFICADAS DE PRECIOS"},"content":{"rendered":"<p><strong>En este marco se coincidi\u00f3 en que el FMI es el responsable de la actual crisis econ\u00f3mica y social que vive la Argentina y a su vez, no podemos permitir que los empresarios y supermercadistas contin\u00faen con ganancias injustificadas-<\/strong><\/p>\n<p><!--more--><\/p>\n<p>Referentes del Movimiento \u201cBarrios de Pie\u201d de Formosa, Antonio Nievas y Beatriz Galeano, mantuvieron una reuni\u00f3n en la Sede de la Defensor\u00eda del Pueblo, con el Ombudsman Provincial Dr. Jos\u00e9 Leonardo Gialluca, en donde se abordaron distintas tem\u00e1ticas, siendo las m\u00e1s relevantes, las referidas a cubrir y satisfacer las necesidades alimentarias y otras por las que atraviesan grupos familiares vulnerables, que han quedado sin trabajo o est\u00e1n haciendo lo que pueden, luego de un proceso de cuatro a\u00f1os de una pol\u00edtica neoliberal que benefici\u00f3 exclusivamente a un grupo reducido de empresas y al sector financiero, siendo que hab\u00eda prometido \u201cpobreza cero\u201d y afirmaron que bajar la inflaci\u00f3n era \u201cla cosa m\u00e1s f\u00e1cil del mundo\u201d. Nada de eso sucedi\u00f3 y lo \u00fanico cierto es que el Gobierno de Mauricio Macri dej\u00f3 a nuestro pa\u00eds altamente endeudado, con una inflaci\u00f3n descontrolada y con precios de los alimentos y medicamentos que son fijados por los empresarios y laboratorios a su antojo. Es por ello que, ambas partes coordinaron trabajar conjuntamente con otras \u00c1reas del Gobierno Provincial y dem\u00e1s Organizaciones Sociales de manera tal que, el actual Ministro de Desarrollo Social Lic. Daniel Fernando Arroyo, despliegue todos los Programas de Emergencia para enfrentar la crisis econ\u00f3mica y social; tanto con la AUH que es un derecho y la Tarjeta Alimentaria que se constituye en un Programa de Emergencia, junto con otros beneficios y ayudas para los sectores m\u00e1s vulnerables. Los Representantes de -Barrios de Pie-, se\u00f1alaron que vienen llevando adelante un control o fiscalizaci\u00f3n de los precios de los alimentos y han podido determinar en tal sentido que los productos esenciales que toda familia necesita, son permanentemente remarcados y, por otra parte, los ingresos de quienes poseen un trabajo siguen por ahora siendo los mismos. El Defensor del Pueblo denunci\u00f3 que, el 80% de los beneficiarios de la AUH, \u201cest\u00e1n endeudados y que en el caso de las Tarjetas Alimentarias son una ayuda muy importante del actual Gobierno Nacional y que no permitiremos que ning\u00fan banco ni financiera afecte ninguna parte de ese dinero, que est\u00e1 destinado a la compra exclusivamente de alimentos y pidi\u00f3 que cualquier persona que tenga inconvenientes al respecto, concurra a nuestra Sede Institucional o se contacte a nuestras l\u00edneas telef\u00f3nicas 0370 &#8211; 4436379 &#8211; 4436320 \u2013 0800 444 1770 y\/o v\u00eda correo electr\u00f3nico denuncia@formosa.gov.ar \u2013 depuefor@fibertel.com.ar. Ambas partes coincidieron en que no puede haber hambre en Argentina y para ello, \u201clas empresas alimentarias, los hipermercados y supermercados, deben ser sancionados severamente frente a las remarcaciones de precios de los alimentos b\u00e1sicos, como tambi\u00e9n los laboratorios no pueden fijar libremente los valores de los medicamentos y por ello se conf\u00eda en que desde el Estado Nacional, se est\u00e1n tomando las medidas que corresponden\u201d; de esta manera, tambi\u00e9n se debe hacer un seguimiento nutricional de los ni\u00f1os y trabajar adem\u00e1s en las zonas rurales, sin que nadie quede excluido de todas las pol\u00edticas emergenciales que se est\u00e1n implementando en la actualidad. Por \u00faltimo, se coincidi\u00f3 en que el FMI es responsable de la crisis de la deuda Argentina, habiendo realizado el pr\u00e9stamo m\u00e1s grande de su historia al Gobierno de Cambiemos, que nunca se utiliz\u00f3 para el sector productivo del pa\u00eds, sino para pagar m\u00e1s deuda y para financiar la fuga de capitales. Todo ello, se tradujo en indicadores de indigencia, pobreza, desocupaci\u00f3n, destrucci\u00f3n del sector productivo, de las PyMEs, de los cuales, \u00fanicamente se puede salir con un Estado Nacional y Provincial presentes, como existen en la actualidad y por ello, Gialluca rechaz\u00f3 que los empresarios argentinos como Cristiano Ratazzi, \u201cafirmen que el Gobierno de Mauricio Macri haya sido una buena cosa para la Argentina y que entre ellas nos haya colocado en una situaci\u00f3n de normalidad\u201d; porque aqu\u00ed, nos damos cuenta de que quienes siempre ganaron y lo siguen haciendo, \u201cson los que se oponen a relegar algo de sus beneficios y ser solidarios con los que actualmente deben hacer malabares para poder vivir dignamente\u201d.<\/p>\n","protected":false},"excerpt":{"rendered":"<p>En este marco se coincidi\u00f3 en que el FMI es el responsable de la actual crisis econ\u00f3mica y social que vive la Argentina y a su vez, no podemos permitir que los empresarios y supermercadistas contin\u00faen con ganancias injustificadas-<\/p>\n","protected":false},"author":1,"featured_media":10311,"comment_status":"closed","ping_status":"closed","sticky":false,"template":"","format":"standard","meta":{"footnotes":""},"categories":[1],"tags":[],"class_list":["post-10310","post","type-post","status-publish","format-standard","has-post-thumbnail","hentry","category-noticias"],"_links":{"self":[{"href":"https:\/\/defensoriaformosa.gob.ar\/index.php?rest_route=\/wp\/v2\/posts\/10310","targetHints":{"allow":["GET"]}}],"collection":[{"href":"https:\/\/defensoriaformosa.gob.ar\/index.php?rest_route=\/wp\/v2\/posts"}],"about":[{"href":"https:\/\/defensoriaformosa.gob.ar\/index.php?rest_route=\/wp\/v2\/types\/post"}],"author":[{"embeddable":true,"href":"https:\/\/defensoriaformosa.gob.ar\/index.php?rest_route=\/wp\/v2\/users\/1"}],"replies":[{"embeddable":true,"href":"https:\/\/defensoriaformosa.gob.ar\/index.php?rest_route=%2Fwp%2Fv2%2Fcomments&post=10310"}],"version-history":[{"count":1,"href":"https:\/\/defensoriaformosa.gob.ar\/index.php?rest_route=\/wp\/v2\/posts\/10310\/revisions"}],"predecessor-version":[{"id":10312,"href":"https:\/\/defensoriaformosa.gob.ar\/index.php?rest_route=\/wp\/v2\/posts\/10310\/revisions\/10312"}],"wp:featuredmedia":[{"embeddable":true,"href":"https:\/\/defensoriaformosa.gob.ar\/index.php?rest_route=\/wp\/v2\/media\/10311"}],"wp:attachment":[{"href":"https:\/\/defensoriaformosa.gob.ar\/index.php?rest_route=%2Fwp%2Fv2%2Fmedia&parent=10310"}],"wp:term":[{"taxonomy":"category","embeddable":true,"href":"https:\/\/defensoriaformosa.gob.ar\/index.php?rest_route=%2Fwp%2Fv2%2Fcategories&post=10310"},{"taxonomy":"post_tag","embeddable":true,"href":"https:\/\/defensoriaformosa.gob.ar\/index.php?rest_route=%2Fwp%2Fv2%2Ftags&post=10310"}],"curies":[{"name":"wp","href":"https:\/\/api.w.org\/{rel}","templated":true}]}}