{"id":10301,"date":"2020-02-17T16:37:38","date_gmt":"2020-02-17T19:37:38","guid":{"rendered":"http:\/\/2015.defensoriaformosa.gob.ar\/?p=10301"},"modified":"2020-02-17T16:37:38","modified_gmt":"2020-02-17T19:37:38","slug":"advirtio-la-defensoria-del-pueblo-que-un-informe-del-diario-la-nacion-sobre-los-wichis-en-formosa-es-totalmente-injustificado-y-desatinado","status":"publish","type":"post","link":"https:\/\/defensoriaformosa.gob.ar\/?p=10301","title":{"rendered":"ADVIRTIO LA DEFENSORIA DEL PUEBLO QUE UN INFORME DEL DIARIO LA NACION SOBRE LOS WICHIS EN FORMOSA ES TOTALMENTE INJUSTIFICADO Y DESATINADO"},"content":{"rendered":"<p><strong>Desde la -Direcci\u00f3n de Derechos Humanos y Grupos Minoritarios- de la Defensor\u00eda del Pueblo de la Provincia de Formosa, se rechaz\u00f3 por infundado y temerario el informe del Diario La Naci\u00f3n de fecha 15 de febrero del Corriente a\u00f1o y en el cual la -Enviada Especial Maria Ayuso- a la Provincia de Salta, advirti\u00f3 que Wichis de Formosa pasan hambre. <\/strong><\/p>\n<p><!--more--><\/p>\n<p>El Ombudsman Provincial Dr. Jos\u00e9 Leonardo Gialluca, se\u00f1al\u00f3 que nosotros podemos hablar con conocimiento de causa de las 192 Comunidades Abor\u00edgenes que existen en nuestro Territorio y donde las mismas poseen energ\u00eda el\u00e9ctrica, agua potable, escuelas, centros de salud, m\u00f3dulos alimentarios, caminos, educaci\u00f3n biling\u00fce, documentos de identidad, viviendas, ofertas educativas de las m\u00e1s variadas, pensiones provinciales, nacionales, jubilaciones y otros beneficios sociales en general y es por ello que esta es una buena ocasi\u00f3n para remarcar que todos los trabajos realizados y proyectados desde el Estado Provincial por sus diferentes \u00c1reas, tienen siempre el objetivo de inclusi\u00f3n y de obtener mejoras en todos los indicadores de cualquier Comunidad Originaria de nuestra Provincia. -El Funcionario Provincial, se\u00f1al\u00f3 que, no vamos a caer en la hipocres\u00eda de decir que no existen problemas o inconvenientes puntuales en determinadas Comunidades Abor\u00edgenes de nuestra Provincia y de hecho, en la actualidad asentamientos del Oeste Provincial, est\u00e1n siendo reubicados en lugares de mayor altura para garantizarles que no sufran ning\u00fan embate de los desbordes del R\u00edo Pilcomayo y pueden existir desacuerdos, pero todo esto se resuelve mediante el di\u00e1logo y los espacios de mediaci\u00f3n necesarios, respetando siempre la Instituci\u00f3n del Cacicazgo y de los Representantes de las Asociaciones elegidas libremente por cada Pueblo Originario. As\u00ed tambi\u00e9n, es necesario recordar que los principales medios de Argentina se encuentran en las manos de unas pocas empresas, que son las que determinan lo que miran, leen y escuchan la gran mayor\u00eda de los 45 millones de argentinos, donde el Grupo Clar\u00edn a la cabeza con la captura del 25,28% de las audiencias (6,84 % en radio, 10,62 % en televisi\u00f3n y 7,82 % por diarios); es seguido muy de lejos por el Grupo Am\u00e9rica con un 7,25% (2,27% en radio, 4,09% en televisi\u00f3n y 0,89 % por diarios); y la estadounidense Viacom-Telef\u00e9 Argentina con un 7,10% (100% por televisi\u00f3n). El cuarto lugar le corresponde al Grupo Indalo con un 6,62% (5,12% por radio y 1,5% por televisi\u00f3n); secundado por la fusi\u00f3n entre la espa\u00f1ola Prisa y la mexicana Albavisi\u00f3n con el 6,21% (4,33% en radio y 1,88 por televisi\u00f3n); y el Grupo La Naci\u00f3n con el 2,97% (100% por diarios). Lamentablemente, se\u00f1al\u00f3 Gialluca, luego algunos medios locales, parcializan la informaci\u00f3n y no se\u00f1alan que la Enviada Especial de La Naci\u00f3n inform\u00f3 que -La situaci\u00f3n m\u00e1s severa, seg\u00fan los especialistas y los referentes locales, es la de quienes viven m\u00e1s aislados monte adentro, en la regi\u00f3n del chaco salte\u00f1o-. Adem\u00e1s, nadie se da por aludido de que, hace apenas unos meses y luego de 4 a\u00f1os existi\u00f3 un gran fracaso econ\u00f3mico, social y pol\u00edtico en nuestro Pa\u00eds, donde cada uno debe hacerse responsable de sus actos. As\u00ed, en nuestra Provincia, el embate del R\u00edo Pilcomayo arrastr\u00f3 en las \u00faltimas inundaciones unas 130 millones de toneladas de sedimento y desde el Gobierno Nacional de ese momento -se financi\u00f3 solo el 13% de las inversiones que se debieron realizar y para peor fueron hechas de manera tard\u00eda-, es decir, el Estado Provincial solitariamente tuvo que hacerse cargo de trasladar m\u00e1s de 2.500 personas a centros de ubicaci\u00f3n transitorio y proteger a bastas poblaciones ind\u00edgenas y criollas, adem\u00e1s de reencauzar las aguas de este R\u00edo que para nosotros es vida, hacia el Ba\u00f1ado La Estrella que luego alimenta todo nuestro sistema h\u00eddrico provincial, en la actualidad por faltas de lluvias, muchos pueblos y localidades de nuestro Territorio sufren restricciones en el acceso al agua potable, pero nunca son dejadas de asistir por los Organismos Competentes y todo lo relacionado a los comedores escolares que contin\u00faan funcionando a\u00fan cuando no hay clases, a lo que se le suma Fundaciones y Asociaciones sin fines de lucro, vamos tejiendo una red, para que el hambre no sea la causa de la muerte de ni\u00f1os en nuestra provincia y tambi\u00e9n debemos ahora con el apoyo del Gobierno Nacional, continuar combatiendo al dengue y otras plagas, que con seguridad ser\u00e1n controladas, pues es necesario reconocer que cuando desde el Estado Provincial se llevan a cabo pol\u00edticas p\u00fablicas, teniendo en cuenta que todas estas Comunidades y Poblaciones no son el patio trasero de nadie, sino nosotros mismos, es que Institucionalmente invitamos a Maria Ayuso a que se informe debidamente y tambi\u00e9n nos ayude, en esta dif\u00edcil situaci\u00f3n econ\u00f3mica y social que atraviesa todo nuestro Pa\u00eds y principalmente las franjas sociales m\u00e1s vulnerables.<\/p>\n","protected":false},"excerpt":{"rendered":"<p>Desde la -Direcci\u00f3n de Derechos Humanos y Grupos Minoritarios- de la Defensor\u00eda del Pueblo de la Provincia de Formosa, se rechaz\u00f3 por infundado y temerario el informe del Diario La Naci\u00f3n de fecha 15 de febrero del Corriente a\u00f1o y en el cual la -Enviada Especial Maria Ayuso- a la Provincia de Salta, advirti\u00f3 que [&hellip;]<\/p>\n","protected":false},"author":1,"featured_media":10302,"comment_status":"closed","ping_status":"closed","sticky":false,"template":"","format":"standard","meta":{"footnotes":""},"categories":[4],"tags":[],"class_list":["post-10301","post","type-post","status-publish","format-standard","has-post-thumbnail","hentry","category-ddhh"],"_links":{"self":[{"href":"https:\/\/defensoriaformosa.gob.ar\/index.php?rest_route=\/wp\/v2\/posts\/10301","targetHints":{"allow":["GET"]}}],"collection":[{"href":"https:\/\/defensoriaformosa.gob.ar\/index.php?rest_route=\/wp\/v2\/posts"}],"about":[{"href":"https:\/\/defensoriaformosa.gob.ar\/index.php?rest_route=\/wp\/v2\/types\/post"}],"author":[{"embeddable":true,"href":"https:\/\/defensoriaformosa.gob.ar\/index.php?rest_route=\/wp\/v2\/users\/1"}],"replies":[{"embeddable":true,"href":"https:\/\/defensoriaformosa.gob.ar\/index.php?rest_route=%2Fwp%2Fv2%2Fcomments&post=10301"}],"version-history":[{"count":1,"href":"https:\/\/defensoriaformosa.gob.ar\/index.php?rest_route=\/wp\/v2\/posts\/10301\/revisions"}],"predecessor-version":[{"id":10303,"href":"https:\/\/defensoriaformosa.gob.ar\/index.php?rest_route=\/wp\/v2\/posts\/10301\/revisions\/10303"}],"wp:featuredmedia":[{"embeddable":true,"href":"https:\/\/defensoriaformosa.gob.ar\/index.php?rest_route=\/wp\/v2\/media\/10302"}],"wp:attachment":[{"href":"https:\/\/defensoriaformosa.gob.ar\/index.php?rest_route=%2Fwp%2Fv2%2Fmedia&parent=10301"}],"wp:term":[{"taxonomy":"category","embeddable":true,"href":"https:\/\/defensoriaformosa.gob.ar\/index.php?rest_route=%2Fwp%2Fv2%2Fcategories&post=10301"},{"taxonomy":"post_tag","embeddable":true,"href":"https:\/\/defensoriaformosa.gob.ar\/index.php?rest_route=%2Fwp%2Fv2%2Ftags&post=10301"}],"curies":[{"name":"wp","href":"https:\/\/api.w.org\/{rel}","templated":true}]}}