{"id":10289,"date":"2020-02-14T14:48:52","date_gmt":"2020-02-14T17:48:52","guid":{"rendered":"http:\/\/2015.defensoriaformosa.gob.ar\/?p=10289"},"modified":"2020-02-14T14:48:52","modified_gmt":"2020-02-14T17:48:52","slug":"aclaro-la-defensoria-que-no-se-ha-eliminado-ni-derogado-la-presentacion-del-certificado-de-escolaridad-para-cobrar-la-ayuda-escolar","status":"publish","type":"post","link":"https:\/\/defensoriaformosa.gob.ar\/?p=10289","title":{"rendered":"ACLARO LA DEFENSORIA QUE NO SE HA ELIMINADO NI DEROGADO LA PRESENTACION DEL CERTIFICADO DE ESCOLARIDAD PARA COBRAR LA AYUDA ESCOLAR"},"content":{"rendered":"<p><strong>Frente a las desafortunadas afirmaciones del diputado provincial Enrique Ram\u00edrez, Presidente del Pro en Formosa, la Defensor\u00eda del Pueblo, sali\u00f3 a aclararle a toda la sociedad que no se deje confundir por declaraciones oportunistas y que adem\u00e1s son infundadas, toda vez que el Gobierno Nacional no ha eliminado el requisito de presentaci\u00f3n del certificado de alumno regular para percibir la ayuda escolar, y lo que se decidi\u00f3 fue prorrogar su presentaci\u00f3n hasta diciembre de este a\u00f1o teniendo en cuenta el contexto de \u00abemergencia social\u00bb. <\/strong><\/p>\n<p><!--more--><\/p>\n<p>El Ombudsman Provincial Dr. Jos\u00e9 Leonardo Gialluca, se\u00f1al\u00f3 que la norma anterior establec\u00eda que, en caso de presentarse con demora el certificado de alumno regular, la ayuda escolar no se cobrar\u00eda en marzo junto con el resto de los beneficiarios, sino en el momento en que se entreguen los papeles pedidos. Es decir, si no se presentaba el certificado hasta el 31 de diciembre del ciclo lectivo anterior, el pago se realizar\u00eda despu\u00e9s. Ahora, al derogar el art\u00edculo que establec\u00eda ese plazo, se permite una pr\u00f3rroga para presentar el certificado de alumno regular hasta diciembre del 2020 en caso de no haberlo hecho hasta el 31 de diciembre de 2019 y el cobro se dar\u00e1 en forma masiva en marzo para todos los beneficiarios por igual, siempre y cuando cumplan con los requisitos establecidos. As\u00ed la ANSeS simplific\u00f3 el tr\u00e1mite para el cobro de ayuda escolar y por ello, la asignaci\u00f3n se percibir\u00e1 en ni\u00f1as\/os de entre 4 y 17 a\u00f1os, lo que permitir\u00e1 que muchas chicas y chicos reciban la ayuda que necesitan para comenzar las clases. La simplificaci\u00f3n del tr\u00e1mite beneficiar\u00e1 a las m\u00e1s de seis millones de familias que, seg\u00fan Anses, perciben el aporte estatal y apunta a recuperar a menores que hab\u00edan abandonado el sistema escolar. El ahora derogado art\u00edculo 5 del Apartado \u201cAsignaciones De Pago Mensual\u201d que figura en el anexo de la Resoluci\u00f3n N\u00b0 2019-203-ANSES dec\u00eda lo siguiente: \u00abCuando la acreditaci\u00f3n de la escolaridad no se efectuara en el plazo conferido en el art\u00edculo 2\u00b0 del Decreto N\u00b0 433\/2015 (es decir, hasta el 31 de diciembre inclusive), la Asignaci\u00f3n por Ayuda Escolar del ciclo lectivo siguiente no se pagar\u00e1 en forma masiva, sino cuando se acredite la escolaridad\u00bb.<br \/>\nEn concreto, la medida anterior, es decir, el Decreto 433\/2015 de Asignaci\u00f3n por ayuda escolar anual, especificaba que \u00abla asignaci\u00f3n por ayuda escolar anual se liquidar\u00e1 al inicio del Ciclo Lectivo para los ni\u00f1os, ni\u00f1as y adolescentes de CUATRO (4) a DIECISIETE (17) a\u00f1os inclusive, debiendo presentarse el certificado pertinente que acredite la condici\u00f3n de alumno\/a regular del establecimiento educativo, hasta el 31 de diciembre de cada a\u00f1o\u00bb. Ahora, queda sin efecto un agregado impuesto por el Gobierno de Mauricio Macri que exig\u00eda la presentaci\u00f3n de la constancia al 31 de diciembre de 2019, y todo ello por la calamidad econ\u00f3mica y social en que dejaron el Pa\u00eds, que hace necesario implementar este tipo de medidas paliativas y de emergencia ante el inminente inicio del ciclo lectivo.<\/p>\n","protected":false},"excerpt":{"rendered":"<p>Frente a las desafortunadas afirmaciones del diputado provincial Enrique Ram\u00edrez, Presidente del Pro en Formosa, la Defensor\u00eda del Pueblo, sali\u00f3 a aclararle a toda la sociedad que no se deje confundir por declaraciones oportunistas y que adem\u00e1s son infundadas, toda vez que el Gobierno Nacional no ha eliminado el requisito de presentaci\u00f3n del certificado de [&hellip;]<\/p>\n","protected":false},"author":1,"featured_media":10290,"comment_status":"closed","ping_status":"closed","sticky":false,"template":"","format":"standard","meta":{"footnotes":""},"categories":[4,1],"tags":[],"class_list":["post-10289","post","type-post","status-publish","format-standard","has-post-thumbnail","hentry","category-ddhh","category-noticias"],"_links":{"self":[{"href":"https:\/\/defensoriaformosa.gob.ar\/index.php?rest_route=\/wp\/v2\/posts\/10289","targetHints":{"allow":["GET"]}}],"collection":[{"href":"https:\/\/defensoriaformosa.gob.ar\/index.php?rest_route=\/wp\/v2\/posts"}],"about":[{"href":"https:\/\/defensoriaformosa.gob.ar\/index.php?rest_route=\/wp\/v2\/types\/post"}],"author":[{"embeddable":true,"href":"https:\/\/defensoriaformosa.gob.ar\/index.php?rest_route=\/wp\/v2\/users\/1"}],"replies":[{"embeddable":true,"href":"https:\/\/defensoriaformosa.gob.ar\/index.php?rest_route=%2Fwp%2Fv2%2Fcomments&post=10289"}],"version-history":[{"count":1,"href":"https:\/\/defensoriaformosa.gob.ar\/index.php?rest_route=\/wp\/v2\/posts\/10289\/revisions"}],"predecessor-version":[{"id":10291,"href":"https:\/\/defensoriaformosa.gob.ar\/index.php?rest_route=\/wp\/v2\/posts\/10289\/revisions\/10291"}],"wp:featuredmedia":[{"embeddable":true,"href":"https:\/\/defensoriaformosa.gob.ar\/index.php?rest_route=\/wp\/v2\/media\/10290"}],"wp:attachment":[{"href":"https:\/\/defensoriaformosa.gob.ar\/index.php?rest_route=%2Fwp%2Fv2%2Fmedia&parent=10289"}],"wp:term":[{"taxonomy":"category","embeddable":true,"href":"https:\/\/defensoriaformosa.gob.ar\/index.php?rest_route=%2Fwp%2Fv2%2Fcategories&post=10289"},{"taxonomy":"post_tag","embeddable":true,"href":"https:\/\/defensoriaformosa.gob.ar\/index.php?rest_route=%2Fwp%2Fv2%2Ftags&post=10289"}],"curies":[{"name":"wp","href":"https:\/\/api.w.org\/{rel}","templated":true}]}}