{"id":10260,"date":"2020-02-10T16:34:58","date_gmt":"2020-02-10T19:34:58","guid":{"rendered":"http:\/\/2015.defensoriaformosa.gob.ar\/?p=10260"},"modified":"2020-02-10T16:34:58","modified_gmt":"2020-02-10T19:34:58","slug":"denuncio-la-defensoria-que-la-empresa-telecom-sa-es-la-responsable-de-las-heridas-que-sufrio-un-joven-por-un-cable-que-colgaba-irregularmente-a-baja-altura","status":"publish","type":"post","link":"https:\/\/defensoriaformosa.gob.ar\/?p=10260","title":{"rendered":"DENUNCIO LA DEFENSORIA QUE LA EMPRESA TELECOM SA ES LA RESPONSABLE DE LAS HERIDAS QUE SUFRIO UN JOVEN POR UN CABLE QUE COLGABA IRREGULARMENTE A BAJA ALTURA"},"content":{"rendered":"<p><strong>Un cable de la Empresa Telecom S.A. que se encontraba colgando de manera irregular, \u201ccasi termina con la vida del Joven Federico G\u00f3mez, quien al transitar con su motoveh\u00edculo en el cruce de las calles Territorios Nacionales y Fotheringham, -el cable le produjo un profundo corte a la altura del cuello, salv\u00e1ndose milagrosamente al tirarlo de la moto, la cual sufri\u00f3 serios da\u00f1os tambi\u00e9n-\u201d.<\/strong><\/p>\n<p><!--more--><\/p>\n<p>El Ombudsman Provincial Dr. Jos\u00e9 Leonardo Gialluca, recibi\u00f3 al mencionado junto con su Se\u00f1ora madre quienes luego de practicar la denuncia penal correspondiente, buscan un resarcimiento de la Empresa Telecom S.A., la cual ser\u00e1 citada previamente a una Audiencia de Conciliaci\u00f3n y esperemos se\u00f1al\u00f3 el Funcionario Provincial, que la misma se haga responsable de este accidente con suerte que produjo uno de sus cables, el cual nunca debi\u00f3 estar en esa situaci\u00f3n, ya que al haberse en el \u00faltimo a\u00f1o pr\u00e1cticamente desintegrado esta Firma, al punto de cerrar las oficinas de Atenci\u00f3n al P\u00fablico que pose\u00edan en la calle Saavedra, en la actualidad, no solamente este caso, sino todos los usuarios de la telefon\u00eda fija se encuentran con que por las fusiones empresariales concretadas durante el Gobierno de Mauricio Macri, no reciben sus facturas correspondientes, a\u00fan sin haber optado por la v\u00eda digital y todos debemos acudir a la Sede de Cablevisi\u00f3n o de Personal, donde menospreciadamente nos otorgan una factura en soporte papel, para luego tener que ir a buscar un lugar donde abonarla. Es en este contexto que, desde la Defensor\u00eda del Pueblo, estamos recabando todos los antecedentes y as\u00ed buscaremos que Telecom S.A. se haga responsable del caso de Federico G\u00f3mez y al mismo tiempo, exhortamos a los Responsables de esta Firma a que hagan un control y fiscalizaci\u00f3n por menorizada de todos los cables, postes y cajas que han invadido peligrosamente toda nuestra ciudad, sin que nadie los controlen en lo que respecta a la utilizaci\u00f3n del espacio a\u00e9reo y a pesar de que los usuarios pagamos toda una serie de rubros, lo que implica que la Empresa tiene la obligaci\u00f3n de otorgarnos, no solamente un buen servicio, sino tambi\u00e9n seguridad cuando transitamos por las calles o caminamos por las veredas de cualquier lugar, ya que incre\u00edblemente se le deja hacer lo que quiere en los parterres de los vecinos y de los comercios, siendo esta situaci\u00f3n insostenible y es por ello que ya varios casos los hemos judicializado desde el Organismo de la Constituci\u00f3n a fin de que respondan por los m\u00faltiples da\u00f1os y perjuicios que contin\u00faan causando a los ciudadanos y a las propiedades de los mismos.<\/p>\n","protected":false},"excerpt":{"rendered":"<p>Un cable de la Empresa Telecom S.A. que se encontraba colgando de manera irregular, \u201ccasi termina con la vida del Joven Federico G\u00f3mez, quien al transitar con su motoveh\u00edculo en el cruce de las calles Territorios Nacionales y Fotheringham, -el cable le produjo un profundo corte a la altura del cuello, salv\u00e1ndose milagrosamente al tirarlo [&hellip;]<\/p>\n","protected":false},"author":1,"featured_media":10262,"comment_status":"closed","ping_status":"closed","sticky":false,"template":"","format":"standard","meta":{"footnotes":""},"categories":[1,7,3],"tags":[],"class_list":["post-10260","post","type-post","status-publish","format-standard","has-post-thumbnail","hentry","category-noticias","category-seguridad-vial","category-defensa-de-los-derechos-del-usuario-consumidor-contribuyentes"],"_links":{"self":[{"href":"https:\/\/defensoriaformosa.gob.ar\/index.php?rest_route=\/wp\/v2\/posts\/10260","targetHints":{"allow":["GET"]}}],"collection":[{"href":"https:\/\/defensoriaformosa.gob.ar\/index.php?rest_route=\/wp\/v2\/posts"}],"about":[{"href":"https:\/\/defensoriaformosa.gob.ar\/index.php?rest_route=\/wp\/v2\/types\/post"}],"author":[{"embeddable":true,"href":"https:\/\/defensoriaformosa.gob.ar\/index.php?rest_route=\/wp\/v2\/users\/1"}],"replies":[{"embeddable":true,"href":"https:\/\/defensoriaformosa.gob.ar\/index.php?rest_route=%2Fwp%2Fv2%2Fcomments&post=10260"}],"version-history":[{"count":1,"href":"https:\/\/defensoriaformosa.gob.ar\/index.php?rest_route=\/wp\/v2\/posts\/10260\/revisions"}],"predecessor-version":[{"id":10263,"href":"https:\/\/defensoriaformosa.gob.ar\/index.php?rest_route=\/wp\/v2\/posts\/10260\/revisions\/10263"}],"wp:featuredmedia":[{"embeddable":true,"href":"https:\/\/defensoriaformosa.gob.ar\/index.php?rest_route=\/wp\/v2\/media\/10262"}],"wp:attachment":[{"href":"https:\/\/defensoriaformosa.gob.ar\/index.php?rest_route=%2Fwp%2Fv2%2Fmedia&parent=10260"}],"wp:term":[{"taxonomy":"category","embeddable":true,"href":"https:\/\/defensoriaformosa.gob.ar\/index.php?rest_route=%2Fwp%2Fv2%2Fcategories&post=10260"},{"taxonomy":"post_tag","embeddable":true,"href":"https:\/\/defensoriaformosa.gob.ar\/index.php?rest_route=%2Fwp%2Fv2%2Ftags&post=10260"}],"curies":[{"name":"wp","href":"https:\/\/api.w.org\/{rel}","templated":true}]}}