{"id":10228,"date":"2020-02-04T16:03:47","date_gmt":"2020-02-04T19:03:47","guid":{"rendered":"http:\/\/2015.defensoriaformosa.gob.ar\/?p=10228"},"modified":"2020-02-04T16:03:47","modified_gmt":"2020-02-04T19:03:47","slug":"se-acordo-el-levantamiento-total-y-definitivo-del-corte-de-la-ruta-nacional-no-86","status":"publish","type":"post","link":"https:\/\/defensoriaformosa.gob.ar\/?p=10228","title":{"rendered":"SE ACORD\u00d3 EL LEVANTAMIENTO TOTAL Y DEFINITIVO DEL CORTE DE LA RUTA NACIONAL N\u00ba 86"},"content":{"rendered":"<p><strong>En una nueva -Audiencia Multiprop\u00f3sito-, llevada a cabo el d\u00eda de ayer a las 11 horas en el Juzgado Federal N2 de Formosa a cargo del Juez Federal Subrogante Dr. Fernando Carbajal y con la participaci\u00f3n del Fiscal Federal N\u00ba2 Dr. Luis R. Benitez, la Secretaria Subrogante Ghysella M. G\u00f3mez, encontr\u00e1ndose presente tambi\u00e9n los integrantes de la Colonia Aborigen la Primavera, quienes hab\u00edan cortado la ruta Nacional N\u00ba 86 en reclamo por la falta de agua potable y una mejor distribuci\u00f3n de los m\u00f3dulos alimentarios; acompa\u00f1ados de la Defensora Oficial Dra. Rosa Maria C\u00f3rdoba, Junto al Defensor del Pueblo de la Provincia Dr. Jos\u00e9 Leonardo Gialluca, el Representante de la Defensor\u00eda del Pueblo de Naci\u00f3n Dr. Julio N. Santander, el asesor del ICA Dr. Alejandro Dimitroff y el Sr. Pablo Sosa Director de la Etnia Toba. <\/strong><\/p>\n<p><!--more--><\/p>\n<p>Abierto el acto el ciudadano Clemente Sanagachi manifest\u00f3 que desde el s\u00e1bado pasado se vienen llevando a cabo tareas por parte del SPAP en conjunto a otros municipios de la zona y por lo cual se ha normalizado el aprovisionamiento del servicio de agua potable por red. A esto se le suma los camiones cisternas de 8.000 litros que distribuyen agua potable en los barrios como La Esperanza, Barrio Nuevo, El Palomar, que son aquellos donde la presi\u00f3n del agua hace que el vital liquido no llegue como corresponde. Los originarios plantean la falta de aljibes o de recipientes adecuados para recibir el agua que se reparte y por ello el ombudsman Provincial les informa que el SPAP estar\u00e1 cuanto antes, colocando tanques de 500 litros en las diferentes viviendas y que no posean, \u201ctanques elevados y que constituyen las mas vulnerables\u201d. En cuanto a la distribuci\u00f3n de los m\u00f3dulos alimentarios se acord\u00f3 registrar conforme a los requisitos del programa que lleva adelante el Ministerio de la Comunidad, \u201ca las nuevas familias que se van constituyendo en la Comunidad, adem\u00e1s de las madres solteras con hijos, familias numerosas y tambi\u00e9n los casos de separaciones donde se producen otros grupos familiares\u201d. Por \u00faltimo, Gialluca le presento al Juez Federal un amplio y pormenorizado Informe que describe todo lo relativo a la prestaci\u00f3n del servicio de agua potable en la comunidad Aborigen Toba La Primavera, analiz\u00e1ndose sector por sector, la situaci\u00f3n actual y las planillas de aprovisionamiento de agua potable casa por casa con las respectivas fotograf\u00edas y certificaciones que avalan lo antes expresado. Asimismo, se hace conocer el pedido de Autorizaci\u00f3n del SPAP al Responsable del Parque Nacional Rio Pilcomayo Lic. Diego Albornoz para poder utilizar el agua \u201cde la Laguna Blanca\u201d y con ello atender las necesidades de las Localidades de Laguna Blanca, de Naineck, Palma Sola, Villa Lucero y las Colonias Abor\u00edgenes de La Primavera y El Palomar que se hallan en una situaci\u00f3n de emergencia h\u00eddrica. Por ultimo los originarios manifiestan que no volver\u00e1n a cortar la Ruta Nacional N\u00ba 86 y se comprometen todas las partes a utilizar los diferentes canales de di\u00e1logos y espacios institucionales, para as\u00ed evitar perjudicar los derechos y garant\u00edas constitucionales de terceros que necesitan que las rutas se encuentren siempre liberadas al tr\u00e1nsito.<\/p>\n","protected":false},"excerpt":{"rendered":"<p>En una nueva -Audiencia Multiprop\u00f3sito-, llevada a cabo el d\u00eda de ayer a las 11 horas en el Juzgado Federal N2 de Formosa a cargo del Juez Federal Subrogante Dr. Fernando Carbajal y con la participaci\u00f3n del Fiscal Federal N\u00ba2 Dr. Luis R. Benitez, la Secretaria Subrogante Ghysella M. G\u00f3mez, encontr\u00e1ndose presente tambi\u00e9n los integrantes [&hellip;]<\/p>\n","protected":false},"author":1,"featured_media":10229,"comment_status":"closed","ping_status":"closed","sticky":false,"template":"","format":"standard","meta":{"footnotes":""},"categories":[5,4,1,7],"tags":[],"class_list":["post-10228","post","type-post","status-publish","format-standard","has-post-thumbnail","hentry","category-ambiente-y-desarrollo-sustentable","category-ddhh","category-noticias","category-seguridad-vial"],"_links":{"self":[{"href":"https:\/\/defensoriaformosa.gob.ar\/index.php?rest_route=\/wp\/v2\/posts\/10228","targetHints":{"allow":["GET"]}}],"collection":[{"href":"https:\/\/defensoriaformosa.gob.ar\/index.php?rest_route=\/wp\/v2\/posts"}],"about":[{"href":"https:\/\/defensoriaformosa.gob.ar\/index.php?rest_route=\/wp\/v2\/types\/post"}],"author":[{"embeddable":true,"href":"https:\/\/defensoriaformosa.gob.ar\/index.php?rest_route=\/wp\/v2\/users\/1"}],"replies":[{"embeddable":true,"href":"https:\/\/defensoriaformosa.gob.ar\/index.php?rest_route=%2Fwp%2Fv2%2Fcomments&post=10228"}],"version-history":[{"count":1,"href":"https:\/\/defensoriaformosa.gob.ar\/index.php?rest_route=\/wp\/v2\/posts\/10228\/revisions"}],"predecessor-version":[{"id":10230,"href":"https:\/\/defensoriaformosa.gob.ar\/index.php?rest_route=\/wp\/v2\/posts\/10228\/revisions\/10230"}],"wp:featuredmedia":[{"embeddable":true,"href":"https:\/\/defensoriaformosa.gob.ar\/index.php?rest_route=\/wp\/v2\/media\/10229"}],"wp:attachment":[{"href":"https:\/\/defensoriaformosa.gob.ar\/index.php?rest_route=%2Fwp%2Fv2%2Fmedia&parent=10228"}],"wp:term":[{"taxonomy":"category","embeddable":true,"href":"https:\/\/defensoriaformosa.gob.ar\/index.php?rest_route=%2Fwp%2Fv2%2Fcategories&post=10228"},{"taxonomy":"post_tag","embeddable":true,"href":"https:\/\/defensoriaformosa.gob.ar\/index.php?rest_route=%2Fwp%2Fv2%2Ftags&post=10228"}],"curies":[{"name":"wp","href":"https:\/\/api.w.org\/{rel}","templated":true}]}}