{"id":10224,"date":"2020-02-04T16:01:47","date_gmt":"2020-02-04T19:01:47","guid":{"rendered":"http:\/\/2015.defensoriaformosa.gob.ar\/?p=10224"},"modified":"2020-02-04T16:01:47","modified_gmt":"2020-02-04T19:01:47","slug":"afirmo-la-defensoria-del-pueblo-que-a-mayor-consumo-de-energia-electrica-mayor-es-el-precio-de-cada-kw-hora-consumido-conforme-a-las-bandas-existentes","status":"publish","type":"post","link":"https:\/\/defensoriaformosa.gob.ar\/?p=10224","title":{"rendered":"AFIRMO LA DEFENSORIA DEL PUEBLO QUE \u201cA MAYOR CONSUMO DE ENERG\u00cdA EL\u00c9CTRICA, MAYOR ES EL PRECIO DE CADA KW\/HORA CONSUMIDO\u201d CONFORME A LAS BANDAS EXISTENTES"},"content":{"rendered":"<p><strong>En virtud de las numerosas consultas de usuarios del servicio de energ\u00eda el\u00e9ctrica, quienes plantean ante la Defensor\u00eda del Pueblo de la Provincia, que las \u00faltimas facturas recibidas sufrieron un marcado incremento -desde la Direcci\u00f3n de Defensa de los Usuarios y Consumidores-, se informa a la ciudadan\u00eda que las facturas con vencimiento en los meses de enero, febrero y marzo de 2020 reflejan los consumos registrados durante los \u00faltimos meses del a\u00f1o pasado.<\/strong><\/p>\n<p><!--more--><\/p>\n<p>Ya que, como dij\u00e9ramos en anteriores oportunidades, el servicio de energ\u00eda el\u00e9ctrica y el del agua potable, como todo servicio que debe ser medido, se paga de forma retroactiva, esto quiere decir, que primero es necesario establecer el consumo efectivamente realizado para luego poder facturarlo. Por lo cual, en el caso de REFSA el monto que debe pagar cada usuario se corresponde al consumo registrado durante un periodo aproximado de 60 d\u00edas, el que surge de las tomas de lecturas de los medidores que la Concesionaria tiene la obligaci\u00f3n de realizar en forma bimestral. Si observamos las facturas de servicio, advertiremos que, en el cuerpo de las mismas, se consigna bajo el titulo LECTURA DE CONSUMOS: \u201cLect. Anterior\u201d \u2013 \u201cLectura Actual\u201d, reflejando estas la fecha en que fueron tomadas y los kw\/hs consumidos durante ese periodo de tiempo. Es de buena pr\u00e1ctica que los usuarios del servicio controlen sus consumos y constaten que los mismos coincidan con los que figuran en sus facturas y, as\u00ed, cada uno puede ejercer el control pertinente. El procedimiento es simple, en las fechas en que la empresa procede a efectuar las tomas de lectura (v\u00e9anse las fechas de \u201cLect. Anterior\u201d \u2013 \u201cLectura Actual\u201d), se toma nota y se registra mediante fotograf\u00edas, cuanto marca el medidor, luego dentro de 30 y 60 d\u00edas, se repite la operaci\u00f3n. En consecuencia, cuando se reciben las facturas, los consumos que arroja la misma deber\u00eda ser similar o aproximado al calculado, debiendo tener como par\u00e1metro de comparaci\u00f3n los consumos bimestrales hist\u00f3ricos, siempre y cuando, no hayan variado considerablemente el n\u00famero de electrodom\u00e9sticos, composici\u00f3n del grupo familiar, h\u00e1bitos de consumo y el estado de las instalaciones el\u00e9ctricas. Destac\u00e1ndose que este \u00faltimo aspecto es de suma importancia, ya que se han verificado abultadas facturas a causa de la existencia de fugas\/perdidas en las instalaciones internas de los domicilios, que en la pr\u00e1ctica, si bien es energ\u00eda no aprovechada por el usuario, la misma es registrada por los aparatos de medici\u00f3n y luego facturadas. Tambi\u00e9n, es importante tener presente, que el cuadro tarifario vigente establece que: \u201ca mayor consumo, mayor es el precio de cada kw\/h consumido\u201d. Finalmente, resaltamos que en nuestra regi\u00f3n se registran los mayores consumos durante el periodo estival, dada la inevitable utilizaci\u00f3n de equipos de refrigeraci\u00f3n y la inexistencia para el N.E.A. de una tarifa de energ\u00eda diferenciada, tanto para hogares, industria y comercio de la regi\u00f3n, como si ocurre en el Sur Argentino respecto del gas natural. Lo que se agrava en nuestro caso, por el hecho de que no tenemos acceso a otra fuente de energ\u00eda, siendo por ello Formosa, una provincia electrodependiente. Por \u00faltimo, renovamos la invitaci\u00f3n para que reciban un correcto asesoramiento sobre esta y otras cuestiones en este Organismo de la Constituci\u00f3n, en forma personal en nuestra sede ubicada en Padre Pati\u00f1o N\u00ba 831, o a los tel\u00e9fonos (370) 4436379, 0-800-444-1770 o bien, a trav\u00e9s de los correos electr\u00f3nicos: denuncia@formosa.gov.ar o depuefor@fibertel.com.ar.<\/p>\n","protected":false},"excerpt":{"rendered":"<p>En virtud de las numerosas consultas de usuarios del servicio de energ\u00eda el\u00e9ctrica, quienes plantean ante la Defensor\u00eda del Pueblo de la Provincia, que las \u00faltimas facturas recibidas sufrieron un marcado incremento -desde la Direcci\u00f3n de Defensa de los Usuarios y Consumidores-, se informa a la ciudadan\u00eda que las facturas con vencimiento en los meses [&hellip;]<\/p>\n","protected":false},"author":1,"featured_media":10226,"comment_status":"closed","ping_status":"closed","sticky":false,"template":"","format":"standard","meta":{"footnotes":""},"categories":[1,3],"tags":[],"class_list":["post-10224","post","type-post","status-publish","format-standard","has-post-thumbnail","hentry","category-noticias","category-defensa-de-los-derechos-del-usuario-consumidor-contribuyentes"],"_links":{"self":[{"href":"https:\/\/defensoriaformosa.gob.ar\/index.php?rest_route=\/wp\/v2\/posts\/10224","targetHints":{"allow":["GET"]}}],"collection":[{"href":"https:\/\/defensoriaformosa.gob.ar\/index.php?rest_route=\/wp\/v2\/posts"}],"about":[{"href":"https:\/\/defensoriaformosa.gob.ar\/index.php?rest_route=\/wp\/v2\/types\/post"}],"author":[{"embeddable":true,"href":"https:\/\/defensoriaformosa.gob.ar\/index.php?rest_route=\/wp\/v2\/users\/1"}],"replies":[{"embeddable":true,"href":"https:\/\/defensoriaformosa.gob.ar\/index.php?rest_route=%2Fwp%2Fv2%2Fcomments&post=10224"}],"version-history":[{"count":1,"href":"https:\/\/defensoriaformosa.gob.ar\/index.php?rest_route=\/wp\/v2\/posts\/10224\/revisions"}],"predecessor-version":[{"id":10227,"href":"https:\/\/defensoriaformosa.gob.ar\/index.php?rest_route=\/wp\/v2\/posts\/10224\/revisions\/10227"}],"wp:featuredmedia":[{"embeddable":true,"href":"https:\/\/defensoriaformosa.gob.ar\/index.php?rest_route=\/wp\/v2\/media\/10226"}],"wp:attachment":[{"href":"https:\/\/defensoriaformosa.gob.ar\/index.php?rest_route=%2Fwp%2Fv2%2Fmedia&parent=10224"}],"wp:term":[{"taxonomy":"category","embeddable":true,"href":"https:\/\/defensoriaformosa.gob.ar\/index.php?rest_route=%2Fwp%2Fv2%2Fcategories&post=10224"},{"taxonomy":"post_tag","embeddable":true,"href":"https:\/\/defensoriaformosa.gob.ar\/index.php?rest_route=%2Fwp%2Fv2%2Ftags&post=10224"}],"curies":[{"name":"wp","href":"https:\/\/api.w.org\/{rel}","templated":true}]}}