{"id":10218,"date":"2020-02-02T20:48:19","date_gmt":"2020-02-02T23:48:19","guid":{"rendered":"http:\/\/2015.defensoriaformosa.gob.ar\/?p=10218"},"modified":"2020-02-02T20:48:19","modified_gmt":"2020-02-02T23:48:19","slug":"la-defensoria-pidio-intervencion-del-juez-orella-y-del-crio-gral-arroyo-frente-a-denuncia-que-da-cuenta-del-aislamiento-de-personas-que-ingresaron-a-un-campo-que-se-encontraba-en-depositar","status":"publish","type":"post","link":"https:\/\/defensoriaformosa.gob.ar\/?p=10218","title":{"rendered":"LA DEFENSOR\u00cdA PIDI\u00d3 INTERVENCI\u00d3N DEL JUEZ ORELLA Y DEL CRIO. GRAL. ARROYO, \u201cFRENTE A DENUNCIA QUE DA CUENTA DEL AISLAMIENTO DE PERSONAS QUE INGRESARON A UN CAMPO QUE SE ENCONTRABA EN DEP\u00d3SITARIA JUDICIAL DE LA POLIC\u00cdA PROVINCIAL\u201d"},"content":{"rendered":"<p><strong>Recepcion\u00f3 la Defensor\u00eda del Pueblo el d\u00eda viernes 31 de enero del corriente a\u00f1o, una denuncia y pedido de intervenci\u00f3n, en la cual se expresa que las familias campesinas Herrera e Insaurralde se encuentran sitiadas por Fuerzas de Seguridad y que estas personas estar\u00edan siendo tratados como delincuentes y no como ciudadanos, que luchan por la posesi\u00f3n de sus tierras que datan de 130 a\u00f1os. <\/strong><\/p>\n<p><!--more--><\/p>\n<p>La situaci\u00f3n es de gravedad, toda vez que el campesino Andr\u00e9s Insaurralde, se encuentra con un edema en una pierna, y una de las ni\u00f1as padece inflamaci\u00f3n y dolor de muelas y el resto de las personas se encuentran con s\u00edntomas de deshidrataci\u00f3n. Se describe en la misma que este escenario de violencia, vulnera derechos humanos esenciales y pone en riesgo la vida de personas ya que cuando familiares y amigos intentaron ingresar con alimentos, se encontraron con que todos los senderos de ingreso al lugar de Alejandro Herrera est\u00e1n bloqueados, a lo que se le suma que la Polic\u00eda impidi\u00f3 el ingreso tambi\u00e9n al lugar. Frente al pedido, el Defensor del Pueblo Dr. Jos\u00e9 Leonardo Gialluca, solicit\u00f3 la inmediata intervenci\u00f3n al Jefe de la Polic\u00eda de la Provincia Cr\u00edo. Gral. Walter Ren\u00e9 Arroyo para que produzca un Informe documentado de esta situaci\u00f3n y adem\u00e1s con -Car\u00e1cter de Preferente Despacho- se sum\u00f3 otro requerimiento de Intervenci\u00f3n al Juez Dr. Francisco Orella con asiento en Las Lomitas y a cargo del Juzgado Civil y Comercial, del Trabajo y Menores de la Tercera Circunscripci\u00f3n Judicial, toda vez que en la denuncia presentada por ante el Organismo de la Constituci\u00f3n se afirma que los parientes de la familia Herrera Insaurralde, \u201cse encuentran en situaci\u00f3n de extrema vulnerabilidad, ya que se les impide recibir alimentos, y l\u00edquidos para poder subsistir hasta tanto se resuelva esta complicada disputa\u201d. Gialluca finaliz\u00f3 se\u00f1alando que la cuesti\u00f3n litigiosa dej\u00f3 en su momento a la Polic\u00eda de la Provincia como depositaria judicial, siendo su obligaci\u00f3n cuidar que no ingresen personas al campo San Sim\u00f3n ubicado a la vera de la Ruta Nacional N\u00ba 81 y por razones que deber\u00e1n determinarse por los canales que correspondan Institucionalmente, sin cumplir con la Orden Judicial pertinente, un grupo de personas ocuparon intempestivamente la estancia que estaba bajo la custodia de los antes citados. Por ello, el funcionario provincial exhort\u00f3 a que encontr\u00e1ndose menores de edad y otros, se las asista en todo sentido, para evitar desequilibrios f\u00edsicos y ps\u00edquicos de los mismos, mas all\u00e1 de que est\u00e1n cometiendo un delito penal y el Juez de Feria de Las Lomitas deber\u00e1 urgentemente frente a estos \u00faltimos acontecimientos, ordenar nuevas medidas y evitar que se repitan estos graves descuidos que no han hecho otra cosa que generar m\u00e1s inconvenientes a los ya existentes y, \u201cpor ello, debe ser la Justicia Competente quien determine en definitiva todo lo relativo a las diferentes posturas y cuestionamientos, siempre en base a las pruebas que S.S. colecte y que las partes le acerquen, para poder tomar una decisi\u00f3n ajustada a derecho\u201d.<\/p>\n","protected":false},"excerpt":{"rendered":"<p>Recepcion\u00f3 la Defensor\u00eda del Pueblo el d\u00eda viernes 31 de enero del corriente a\u00f1o, una denuncia y pedido de intervenci\u00f3n, en la cual se expresa que las familias campesinas Herrera e Insaurralde se encuentran sitiadas por Fuerzas de Seguridad y que estas personas estar\u00edan siendo tratados como delincuentes y no como ciudadanos, que luchan por [&hellip;]<\/p>\n","protected":false},"author":1,"featured_media":10219,"comment_status":"closed","ping_status":"closed","sticky":false,"template":"","format":"standard","meta":{"footnotes":""},"categories":[4,1,6],"tags":[],"class_list":["post-10218","post","type-post","status-publish","format-standard","has-post-thumbnail","hentry","category-ddhh","category-noticias","category-salud"],"_links":{"self":[{"href":"https:\/\/defensoriaformosa.gob.ar\/index.php?rest_route=\/wp\/v2\/posts\/10218","targetHints":{"allow":["GET"]}}],"collection":[{"href":"https:\/\/defensoriaformosa.gob.ar\/index.php?rest_route=\/wp\/v2\/posts"}],"about":[{"href":"https:\/\/defensoriaformosa.gob.ar\/index.php?rest_route=\/wp\/v2\/types\/post"}],"author":[{"embeddable":true,"href":"https:\/\/defensoriaformosa.gob.ar\/index.php?rest_route=\/wp\/v2\/users\/1"}],"replies":[{"embeddable":true,"href":"https:\/\/defensoriaformosa.gob.ar\/index.php?rest_route=%2Fwp%2Fv2%2Fcomments&post=10218"}],"version-history":[{"count":1,"href":"https:\/\/defensoriaformosa.gob.ar\/index.php?rest_route=\/wp\/v2\/posts\/10218\/revisions"}],"predecessor-version":[{"id":10220,"href":"https:\/\/defensoriaformosa.gob.ar\/index.php?rest_route=\/wp\/v2\/posts\/10218\/revisions\/10220"}],"wp:featuredmedia":[{"embeddable":true,"href":"https:\/\/defensoriaformosa.gob.ar\/index.php?rest_route=\/wp\/v2\/media\/10219"}],"wp:attachment":[{"href":"https:\/\/defensoriaformosa.gob.ar\/index.php?rest_route=%2Fwp%2Fv2%2Fmedia&parent=10218"}],"wp:term":[{"taxonomy":"category","embeddable":true,"href":"https:\/\/defensoriaformosa.gob.ar\/index.php?rest_route=%2Fwp%2Fv2%2Fcategories&post=10218"},{"taxonomy":"post_tag","embeddable":true,"href":"https:\/\/defensoriaformosa.gob.ar\/index.php?rest_route=%2Fwp%2Fv2%2Ftags&post=10218"}],"curies":[{"name":"wp","href":"https:\/\/api.w.org\/{rel}","templated":true}]}}