{"id":10214,"date":"2020-02-01T17:19:24","date_gmt":"2020-02-01T20:19:24","guid":{"rendered":"http:\/\/2015.defensoriaformosa.gob.ar\/?p=10214"},"modified":"2020-02-01T17:19:24","modified_gmt":"2020-02-01T20:19:24","slug":"este-martes-nueva-audiencia-en-el-juzgado-federal-para-mantener-liberada-la-ruta-nacional-n-86","status":"publish","type":"post","link":"https:\/\/defensoriaformosa.gob.ar\/?p=10214","title":{"rendered":"ESTE MARTES NUEVA AUDIENCIA EN EL JUZGADO FEDERAL PARA MANTENER LIBERADA LA RUTA NACIONAL N\u00b0 86"},"content":{"rendered":"<p><strong>Como consecuencia de lo resuelto en el \u00e1mbito de la Audiencia Multiprop\u00f3sito, llevada a cabo en el d\u00eda de ayer, desde las 10.30 hs y que fuera presidida por el Juez Federal Subrogante N\u00ba2 Dr. Fernando Carbajal, encontr\u00e1ndose presente adem\u00e1s el Fiscal Federal Dr. Luis Roberto Benitez, la Secretaria Penal Dra. Mar\u00eda Bel\u00e9n L\u00f3pez Mac\u00e9, los denunciados por entorpecimiento de servicios p\u00fablicos, con motivo del corte de la ruta nacional N\u00ba86 a la altura de la comunidad aborigen La Primavera, (que lleva ya 5 d\u00edas ininterrumpidos), Sr. Sanagachi Clemente y Sra. Sanagachi Hilda junto a otros originarios, quienes fueron asistidos por la Defensora Oficial Dra. Rosa Maria C\u00f3rdoba, participando tambi\u00e9n el Defensor del Pueblo Dr. Jos\u00e9 Leonardo Gialluca, junto al Dr. Fernando Sosa adem\u00e1s del Delegado de la Defensor\u00eda del Pueblo de Naci\u00f3n Dr. Julio N\u00e9stor Santander y el asesor legal del ICA Dr. Alejandro Dimitroff acompa\u00f1ado por el Sr. Pablo Sosa Director de la Etnia Toba, quienes expusieron sobre la problem\u00e1tica de la faltante de agua potable por red que vienen padeciendo, como consecuencia de que los \u2013 reservorios se encuentran secos ante la ausencia de lluvias importantes-, siendo que durante tres horas los mismos son asistidos con agua potable, pero esto l\u00f3gicamente no llega con la presi\u00f3n necesaria a todas las viviendas por las importantes distancias existentes entre las mismas, y es aqu\u00ed donde est\u00e1n siendo ayudados por camiones cisternas que provienen de los municipios de Laguna Blanca, Laguna Naineck y de Siete Palmas tratando de mitigar la sequia que se propaga por toda la provincia. <\/strong><\/p>\n<p><!--more--><\/p>\n<p>En cuanto al punto de la distribuci\u00f3n de los m\u00f3dulos alimentarios el mismo esta siendo cumplido por el Ministerio de la Comunidad, aument\u00e1ndose inclusive la cantidad de los mismos en las familias numerosas o cuando se producen separaciones en los hogares, de modo que nadie quede sin estas coberturas.<br \/>\nPor ello es que, se resolvi\u00f3 el levantamiento del corte de ruta, donde el Juez Subrogante Dr. Fernando Carbajal se\u00f1alo, \u201cque no se opone a las manifestaciones sociales, pero cuando estas ya perjudican o entorpecen derechos de terceros, es necesario adoptar medidas de resoluci\u00f3n de los conflictos\u201d, evit\u00e1ndose de esta manera mayores inconvenientes. Gialluca a\u00f1adi\u00f3 que \u201cse intimo desde la Defensor\u00eda del Pueblo tanto al SPAP y al ICA para que se acerquen de manera inmediata con soluciones alternativas con la finalidad de que los vecinos de la Comunidad Aborigen La Primavera sean abastecidos con el agua necesaria y cubrir as\u00ed sus necesidades b\u00e1sicas\u201d. A\u00f1adi\u00f3 por \u00faltimo que el pr\u00f3ximo martes a las 11 hs nos volveremos a reunir todas las partes en el Juzgado Federal para evaluar la marcha de las distintas medias a las que los diferentes estamentos del Estado Provincial se han comprometido a llevar adelante.<\/p>\n","protected":false},"excerpt":{"rendered":"<p>Como consecuencia de lo resuelto en el \u00e1mbito de la Audiencia Multiprop\u00f3sito, llevada a cabo en el d\u00eda de ayer, desde las 10.30 hs y que fuera presidida por el Juez Federal Subrogante N\u00ba2 Dr. Fernando Carbajal, encontr\u00e1ndose presente adem\u00e1s el Fiscal Federal Dr. Luis Roberto Benitez, la Secretaria Penal Dra. Mar\u00eda Bel\u00e9n L\u00f3pez Mac\u00e9, [&hellip;]<\/p>\n","protected":false},"author":1,"featured_media":10215,"comment_status":"closed","ping_status":"closed","sticky":false,"template":"","format":"standard","meta":{"footnotes":""},"categories":[1],"tags":[],"class_list":["post-10214","post","type-post","status-publish","format-standard","has-post-thumbnail","hentry","category-noticias"],"_links":{"self":[{"href":"https:\/\/defensoriaformosa.gob.ar\/index.php?rest_route=\/wp\/v2\/posts\/10214","targetHints":{"allow":["GET"]}}],"collection":[{"href":"https:\/\/defensoriaformosa.gob.ar\/index.php?rest_route=\/wp\/v2\/posts"}],"about":[{"href":"https:\/\/defensoriaformosa.gob.ar\/index.php?rest_route=\/wp\/v2\/types\/post"}],"author":[{"embeddable":true,"href":"https:\/\/defensoriaformosa.gob.ar\/index.php?rest_route=\/wp\/v2\/users\/1"}],"replies":[{"embeddable":true,"href":"https:\/\/defensoriaformosa.gob.ar\/index.php?rest_route=%2Fwp%2Fv2%2Fcomments&post=10214"}],"version-history":[{"count":1,"href":"https:\/\/defensoriaformosa.gob.ar\/index.php?rest_route=\/wp\/v2\/posts\/10214\/revisions"}],"predecessor-version":[{"id":10216,"href":"https:\/\/defensoriaformosa.gob.ar\/index.php?rest_route=\/wp\/v2\/posts\/10214\/revisions\/10216"}],"wp:featuredmedia":[{"embeddable":true,"href":"https:\/\/defensoriaformosa.gob.ar\/index.php?rest_route=\/wp\/v2\/media\/10215"}],"wp:attachment":[{"href":"https:\/\/defensoriaformosa.gob.ar\/index.php?rest_route=%2Fwp%2Fv2%2Fmedia&parent=10214"}],"wp:term":[{"taxonomy":"category","embeddable":true,"href":"https:\/\/defensoriaformosa.gob.ar\/index.php?rest_route=%2Fwp%2Fv2%2Fcategories&post=10214"},{"taxonomy":"post_tag","embeddable":true,"href":"https:\/\/defensoriaformosa.gob.ar\/index.php?rest_route=%2Fwp%2Fv2%2Ftags&post=10214"}],"curies":[{"name":"wp","href":"https:\/\/api.w.org\/{rel}","templated":true}]}}