{"id":10211,"date":"2020-02-01T17:16:31","date_gmt":"2020-02-01T20:16:31","guid":{"rendered":"http:\/\/2015.defensoriaformosa.gob.ar\/?p=10211"},"modified":"2020-02-01T17:16:31","modified_gmt":"2020-02-01T20:16:31","slug":"se-solicito-la-intervencion-del-tribunal-de-cuentas-de-la-provincia-frente-a-denuncias-por-supuestas-irregularidades-cometidas-en-la-municipalidad-de-mision-tacaagle","status":"publish","type":"post","link":"https:\/\/defensoriaformosa.gob.ar\/?p=10211","title":{"rendered":"SE SOLICIT\u00d3 LA INTERVENCI\u00d3N DEL TRIBUNAL DE CUENTAS DE LA PROVINCIA FRENTE A DENUNCIAS POR SUPUESTAS IRREGULARIDADES COMETIDAS EN LA MUNICIPALIDAD DE MISI\u00d3N TACAAGL\u00c9"},"content":{"rendered":"<p><strong>El Defensor del Pueblo de la Provincia, Dr. Jos\u00e9 Leonardo Gialluca, solicit\u00f3 la intervenci\u00f3n del Honorable Tribunal de Cuentas de la Provincia de Formosa, corriendo traslado de las Actuaciones iniciadas en el Organismo de la Constituci\u00f3n, a ra\u00edz de la denuncia efectuada por el Sr. Oscar Coyip\u00e9, miembro de una Comunidad Aborigen de Misi\u00f3n Tacaagl\u00e9, quien se present\u00f3 manifestando haber sido designado Delegado en Asamblea para plantear el reclamo en representaci\u00f3n de aproximadamente mil (1.000) habitantes de esa localidad. <\/strong><\/p>\n<p><!--more--><\/p>\n<p>El citado afirm\u00f3 que, el ex intendente de ese municipio, Sr. V\u00edctor \u201cChil\u00fa\u201d Leguizam\u00f3n ha incurrido en irregularidades al dejar su cargo al actual titular Sr. Jos\u00e9 Francisco Ravano, ya que, asegura que el denunciado, vendi\u00f3 a precio vil, maquinarias y herramientas que fueron donadas oportunamente por el Gobierno Provincial a esa Comunidad. Del mismo modo, denunci\u00f3 que, el Sr. Leguizam\u00f3n, a d\u00edas de su reemplazo, contrat\u00f3 aproximadamente a ciento cuarenta y siete (147) nuevos empleados para la Municipalidad. Por tal motivo peticion\u00f3 que, las Autoridades Competentes tomen conocimiento de las supuestas irregularidades y adopten las medidas tendientes a evitar situaciones de hecho, como enfrentamientos y\/o cortes de rutas. El Ombudsman Provincial indic\u00f3 que, el pedido de intervenci\u00f3n al Honorable Tribunal de Cuentas, se realiz\u00f3 en el marco de las funciones que le fueron encomendadas a ese Organismo de la Constituci\u00f3n mediante la Ley 1.126, entre las que, se encuentra la misi\u00f3n de ejercer el control externo de la gesti\u00f3n econ\u00f3mica, financiera y patrimonial de la hacienda p\u00fablica provincial y municipal; el examen de las cuentas de percepci\u00f3n e inversi\u00f3n de las rentas p\u00fablicas, previniendo irregularidades, aprobando o desaprobando las cuentas y determinando responsabilidades, en beneficio de la sociedad en su conjunto y a los fines de dar mayor transparencia en el uso del erario p\u00fablico. El Dr. Gialluca se\u00f1al\u00f3 que, tambi\u00e9n se corri\u00f3 traslado de las denuncias en cuesti\u00f3n, al actual Intendente de la Municipalidad de Misi\u00f3n Tacaagl\u00e9 dado que, el planteo se encuentra enmarcado en lo dispuesto por nuestra Constituci\u00f3n Provincial cuando se refiere a la autonom\u00eda municipal, entendi\u00e9ndose como tal: \u201cla capacidad que tiene una comunidad para organizar jur\u00eddicamente el funcionamiento de su gobierno, preservar \u00edntegramente su patrimonio, atender eficazmente su presente, planificar y proyectar su futuro, llevar adelante pol\u00edticas que tiendan a generar recursos genuinos para cubrir sus gastos y crecimiento\u201d. En este sentido, nuestra Carta Magna Nacional consagra en su art. 123: \u201cCada provincia dicta para su propia Constituci\u00f3n, conforme lo dispuesto por el art. 5, asegurando la autonom\u00eda municipal y reglando su alcance y contenido en el orden institucional, pol\u00edtico, administrativo, econ\u00f3mico y financiero\u201d. Encontr\u00e1ndose contenido tambi\u00e9n el r\u00e9gimen comunal en la Ley Org\u00e1nica Municipal y Cartas Org\u00e1nicas Municipales. El funcionario provincial, se\u00f1al\u00f3 que tambi\u00e9n tom\u00f3 conocimiento de una Orden Judicial dictada por el Juzgado Civil, Comercial y Laboral de Clorinda por la cual se orden\u00f3 reincorporar a 126 trabajadores despedidos. En cuanto a todas estas situaciones que se viven y que no son exclusivas de este \u00fanico municipio, sino que tambi\u00e9n lo venimos observando en otros de nuestra provincia \u201cexhort\u00f3 a no -judicializar cuestiones netamente pol\u00edticas, pues tampoco se debe politizar la Justicia-, es necesario que evitemos, -siempre dentro del marco de la ley, todo desborde y avance de un poder sobre el otro, ya que cuando se vulneran esos l\u00edmites, sucede que los magistrados se arrogan tareas ejecutivas o legislativas y es por ello que rescatamos siempre la doctrina de la no judiciabilidad de las cuestiones pol\u00edticas y aqu\u00ed es donde pedimos Institucionalmente la mayor responsabilidad necesaria de quienes han sido electos funcionarios p\u00fablicos a trav\u00e9s del voto popular de los ciudadanos-\u201d.<\/p>\n","protected":false},"excerpt":{"rendered":"<p>El Defensor del Pueblo de la Provincia, Dr. Jos\u00e9 Leonardo Gialluca, solicit\u00f3 la intervenci\u00f3n del Honorable Tribunal de Cuentas de la Provincia de Formosa, corriendo traslado de las Actuaciones iniciadas en el Organismo de la Constituci\u00f3n, a ra\u00edz de la denuncia efectuada por el Sr. Oscar Coyip\u00e9, miembro de una Comunidad Aborigen de Misi\u00f3n Tacaagl\u00e9, [&hellip;]<\/p>\n","protected":false},"author":1,"featured_media":10212,"comment_status":"closed","ping_status":"closed","sticky":false,"template":"","format":"standard","meta":{"footnotes":""},"categories":[1],"tags":[],"class_list":["post-10211","post","type-post","status-publish","format-standard","has-post-thumbnail","hentry","category-noticias"],"_links":{"self":[{"href":"https:\/\/defensoriaformosa.gob.ar\/index.php?rest_route=\/wp\/v2\/posts\/10211","targetHints":{"allow":["GET"]}}],"collection":[{"href":"https:\/\/defensoriaformosa.gob.ar\/index.php?rest_route=\/wp\/v2\/posts"}],"about":[{"href":"https:\/\/defensoriaformosa.gob.ar\/index.php?rest_route=\/wp\/v2\/types\/post"}],"author":[{"embeddable":true,"href":"https:\/\/defensoriaformosa.gob.ar\/index.php?rest_route=\/wp\/v2\/users\/1"}],"replies":[{"embeddable":true,"href":"https:\/\/defensoriaformosa.gob.ar\/index.php?rest_route=%2Fwp%2Fv2%2Fcomments&post=10211"}],"version-history":[{"count":1,"href":"https:\/\/defensoriaformosa.gob.ar\/index.php?rest_route=\/wp\/v2\/posts\/10211\/revisions"}],"predecessor-version":[{"id":10213,"href":"https:\/\/defensoriaformosa.gob.ar\/index.php?rest_route=\/wp\/v2\/posts\/10211\/revisions\/10213"}],"wp:featuredmedia":[{"embeddable":true,"href":"https:\/\/defensoriaformosa.gob.ar\/index.php?rest_route=\/wp\/v2\/media\/10212"}],"wp:attachment":[{"href":"https:\/\/defensoriaformosa.gob.ar\/index.php?rest_route=%2Fwp%2Fv2%2Fmedia&parent=10211"}],"wp:term":[{"taxonomy":"category","embeddable":true,"href":"https:\/\/defensoriaformosa.gob.ar\/index.php?rest_route=%2Fwp%2Fv2%2Fcategories&post=10211"},{"taxonomy":"post_tag","embeddable":true,"href":"https:\/\/defensoriaformosa.gob.ar\/index.php?rest_route=%2Fwp%2Fv2%2Ftags&post=10211"}],"curies":[{"name":"wp","href":"https:\/\/api.w.org\/{rel}","templated":true}]}}