{"id":10191,"date":"2020-01-29T19:16:53","date_gmt":"2020-01-29T22:16:53","guid":{"rendered":"http:\/\/2015.defensoriaformosa.gob.ar\/?p=10191"},"modified":"2020-01-29T19:16:53","modified_gmt":"2020-01-29T22:16:53","slug":"se-fijo-audiencia-multiproposito-para-levantar-el-corte-de-la-ruta-nacional-n-o-86-en-el-juzgado-federal","status":"publish","type":"post","link":"https:\/\/defensoriaformosa.gob.ar\/?p=10191","title":{"rendered":"SE FIJO AUDIENCIA MULTIPROP\u00d3SITO PARA LEVANTAR EL CORTE DE LA RUTA NACIONAL N.\u00ba 86 EN EL JUZGADO FEDERAL"},"content":{"rendered":"<p><strong>El Defensor del Pueblo de la Provincia de Formosa, Dr. Jos\u00e9 Leonardo Gialluca, conjuntamente con el Representante de la Defensor\u00eda del Pueblo de Naci\u00f3n Dr. Julio N\u00e9stor Santander, participaron en horas de la tarde de ayer de una multitudinaria Asamblea con las Autoridades de la Comunidad de la Primavera, junto a Funcionarios Provinciales. <\/strong><\/p>\n<p><!--more--><\/p>\n<p>Se resalt\u00f3 que la falta de agua es exclusivamente originada por las faltantes de lluvias, no obstante, se tomar\u00e1n una serie de medidas pr\u00e1cticas para aliviar a todas las zonas de la Comunidad. En cuanto a la distribuci\u00f3n de las Cajas Alimentarias, el Ministro An\u00edbal G\u00f3mez, inform\u00f3 que en el d\u00eda de hoy se estar\u00eda trabajando en la distribuci\u00f3n de las citadas para cada una de las familias. Por \u00faltimo, Gialluca, advirti\u00f3 que a las 10:30 hs en el Juzgado Federal de Formosa, se ha fijado una Audiencia Multiprop\u00f3sito por el Juez de Feria Dr. Fernando Carbajal, para ordenar que se levante definitivamente el corte de la Ruta Nacional N.\u00ba 86. Al final el Diputado Provincial Carlos Insfran, agradeci\u00f3 la presencia de todos los vecinos de la Comunidad y especialmente a los que \u00abapuestan siempre al di\u00e1logo y no a las medidas de fuerzas, que terminan perjudicando a todos los ciudadanos, tanto formose\u00f1os como de otros lugares de nuestro Pa\u00eds\u00bb.<\/p>\n<p>&nbsp;<\/p>\n","protected":false},"excerpt":{"rendered":"<p>El Defensor del Pueblo de la Provincia de Formosa, Dr. Jos\u00e9 Leonardo Gialluca, conjuntamente con el Representante de la Defensor\u00eda del Pueblo de Naci\u00f3n Dr. Julio N\u00e9stor Santander, participaron en horas de la tarde de ayer de una multitudinaria Asamblea con las Autoridades de la Comunidad de la Primavera, junto a Funcionarios Provinciales.<\/p>\n","protected":false},"author":1,"featured_media":10192,"comment_status":"closed","ping_status":"closed","sticky":false,"template":"","format":"standard","meta":{"footnotes":""},"categories":[1,7],"tags":[],"class_list":["post-10191","post","type-post","status-publish","format-standard","has-post-thumbnail","hentry","category-noticias","category-seguridad-vial"],"_links":{"self":[{"href":"https:\/\/defensoriaformosa.gob.ar\/index.php?rest_route=\/wp\/v2\/posts\/10191","targetHints":{"allow":["GET"]}}],"collection":[{"href":"https:\/\/defensoriaformosa.gob.ar\/index.php?rest_route=\/wp\/v2\/posts"}],"about":[{"href":"https:\/\/defensoriaformosa.gob.ar\/index.php?rest_route=\/wp\/v2\/types\/post"}],"author":[{"embeddable":true,"href":"https:\/\/defensoriaformosa.gob.ar\/index.php?rest_route=\/wp\/v2\/users\/1"}],"replies":[{"embeddable":true,"href":"https:\/\/defensoriaformosa.gob.ar\/index.php?rest_route=%2Fwp%2Fv2%2Fcomments&post=10191"}],"version-history":[{"count":1,"href":"https:\/\/defensoriaformosa.gob.ar\/index.php?rest_route=\/wp\/v2\/posts\/10191\/revisions"}],"predecessor-version":[{"id":10193,"href":"https:\/\/defensoriaformosa.gob.ar\/index.php?rest_route=\/wp\/v2\/posts\/10191\/revisions\/10193"}],"wp:featuredmedia":[{"embeddable":true,"href":"https:\/\/defensoriaformosa.gob.ar\/index.php?rest_route=\/wp\/v2\/media\/10192"}],"wp:attachment":[{"href":"https:\/\/defensoriaformosa.gob.ar\/index.php?rest_route=%2Fwp%2Fv2%2Fmedia&parent=10191"}],"wp:term":[{"taxonomy":"category","embeddable":true,"href":"https:\/\/defensoriaformosa.gob.ar\/index.php?rest_route=%2Fwp%2Fv2%2Fcategories&post=10191"},{"taxonomy":"post_tag","embeddable":true,"href":"https:\/\/defensoriaformosa.gob.ar\/index.php?rest_route=%2Fwp%2Fv2%2Ftags&post=10191"}],"curies":[{"name":"wp","href":"https:\/\/api.w.org\/{rel}","templated":true}]}}