{"id":10182,"date":"2020-01-28T18:21:09","date_gmt":"2020-01-28T21:21:09","guid":{"rendered":"http:\/\/2015.defensoriaformosa.gob.ar\/?p=10182"},"modified":"2020-01-28T18:21:09","modified_gmt":"2020-01-28T21:21:09","slug":"informo-la-defensoria-que-la-fiscalia-federal-pidio-al-juez-federal-de-feria-que-cite-a-los-manifestantes-que-cortan-la-ruta-nacional-no86-a-una-inmediata-audiencia-multiproposito","status":"publish","type":"post","link":"https:\/\/defensoriaformosa.gob.ar\/?p=10182","title":{"rendered":"INFORMO LA DEFENSORIA QUE LA FISCAL\u00cdA FEDERAL PIDI\u00d3 AL JUEZ FEDERAL DE FERIA QUE CITE A LOS MANIFESTANTES QUE CORTAN LA RUTA NACIONAL N\u00ba86 A UNA INMEDIATA -AUDIENCIA MULTIPROP\u00d3SITO-"},"content":{"rendered":"<p><strong>Un grupo minoritario de Originarios cortan el tr\u00e1nsito total de la Ruta Nacional N\u00ba 86, a la altura del Km 1.340 desde las 19 hs del d\u00eda lunes, por lo cual desde la Defensor\u00eda del Pueblo se solicit\u00f3 formalmente la intervenci\u00f3n del Fiscal Federal en Feria Dr. Luis Benitez, quien inmediatamente Imput\u00f3 penalmente a los manifestantes, pidiendo adem\u00e1s al Juez Federal de Feria Dr. Fernando Carbajal que Cite a los mismos y Fije cuanto antes una -Audiencia Multiprop\u00f3sito- para resolver este delito tipificado por el C\u00f3digo Penal Argentino. <\/strong><\/p>\n<p><!--more--><\/p>\n<p>El Ombudsman Provincial Dr. Jos\u00e9 Leonardo Gialluca, se comunic\u00f3 con el Cr\u00edo. Gral. N\u00e9stor Ort\u00edz de la Polic\u00eda de la Provincia, quien conjuntamente con Cmdte. Ppal. Cristian Ariel Robles del Escuadr\u00f3n XVI Clorinda, se encuentran en el lugar, y donde el Cr\u00edo Gral. Ort\u00edz les, \u201ctransmiti\u00f3 a los responsables o -Cabecillas- de este corte de ruta Sra. Ilda Sanagachi, con domicilio en el B\u00ba Rep\u00fablica Argentina de la Ciudad de Formosa, quien junto a Clemente Sanagachi, llevan adelante la medida de fuerza\u201d, que el Organismo de la Constituci\u00f3n tramit\u00f3 sus diversas peticiones, de conformidad a la Nota Simple, fechada el 27 de enero del corriente a\u00f1o, en la cual los puntos de reclamo, son: Cajas Alimentarias, Pensiones, Educaci\u00f3n, arreglo de las calles, agua potable, luz, arreglo del Cementerio de la Comunidad. Gialluca, inform\u00f3 que si bien existe un camino alternativo que se desv\u00eda a la altura de Ceibo Trece y que contin\u00faa por Marca \u201cM\u201d, \u201cel mismo se encuentra muy blando y deteriorado por lo que es transitable \u00fanicamente por veh\u00edculos livianos, siendo imposible que ingresen camiones, trafic u otros veh\u00edculos pesados, lo cual origina un inconveniente grave al derecho a la libre transitabilidad de las rutas que poseen todos los ciudadanos y por lo cual, -para el caso de que no se levante el corte de ruta, tendremos graves perjuicios para quienes necesitan transitar la misma. Consultado el Ombudsman Provincial sobre las posturas de los jueces federales de Formosa en cuanto a ordenar judicialmente que se desaloje un corte de ruta, \u201cel funcionario se\u00f1al\u00f3 que la realidad nos viene demostrando que poseen -criterios jur\u00eddicos at\u00edpicos- en cuanto a su competencia y jurisdicci\u00f3n, que no se condicen, ni con lo se\u00f1alado por la C\u00e1mara Federal del Chaco y menos a\u00fan con los fallos de la C.S.J.N. sobre esta tem\u00e1tica\u201d. Institucionalmente consideramos que existe una clara denegaci\u00f3n de justicia hacia todos los ciudadanos que necesitan transitar las rutas nacionales, puesto que \u201cconsideramos que los jueces federales ante estos casos deben, \u201ccitar inmediatamente a los responsables del corte, para hacer cesar los delitos y garantizar los derechos constitucionales vulnerados de los ciudadanos\u201d. Ahora bien, en cuanto a la competencia, esta claro que es de la justicia federal en estos cortes y que los jueces deben ser proactivos frente a los mismos, y en relaci\u00f3n a la jurisdicci\u00f3n, este tipo de delito est\u00e1 afectando un -inter\u00e9s nacional- que no es otro que la necesidad de trasladarse de un lugar a otro por v\u00edas trasnacionales y que por ende afectan intereses federales. Comprendemos que si un hurto, robo o un accidente de transito se produce en una ruta nacional, entrar\u00eda a jugar la competencia de la justicia provincial, como tambi\u00e9n si se roba una moto del predio de la UNAF. Muy dis\u00edmil es la situaci\u00f3n, \u201csi se produce el hurto, robo o da\u00f1o de computadoras patrimonio de la universidad y donde aqu\u00ed inexorablemente debe intervenir la justicia federal, pues se ha afectado el patrimonio del Estado Nacional\u201d. Gialluca en definitiva, finaliz\u00f3 expresando que \u201csi hasta la C.S.J.N. a dicho que el corte de una ruta provincial, que conecta a una ruta nacional y donde en la primera se produce un corte, es la justicia federal la que tiene la obligaci\u00f3n, competencia y jurisdicci\u00f3n para intervenir, en este caso, de m\u00e1s esta decir es que esperamos que se fije hoy la -Audiencia Multiprop\u00f3sito-, ya que hemos agotado las instancias administrativas de gestiones y actuaciones en torno a las peticiones de los manifestantes y en consecuencia, la ciudadan\u00eda y las fuerzas de la Gendarmer\u00eda Nacional esperan una respuesta contundente de nuestra justicia federal; pues afirmar que no hace falta una orden judicial en estos casos, directamente adem\u00e1s de una denegaci\u00f3n de justicia, se est\u00e1 estableciendo todo lo necesario para que denunciemos a las fuerzas nacionales por el delito de incumplimiento de deberes de funcionario publico y otros, lo cual constituye algo totalmente maquiav\u00e9lico\u201d.<\/p>\n","protected":false},"excerpt":{"rendered":"<p>Un grupo minoritario de Originarios cortan el tr\u00e1nsito total de la Ruta Nacional N\u00ba 86, a la altura del Km 1.340 desde las 19 hs del d\u00eda lunes, por lo cual desde la Defensor\u00eda del Pueblo se solicit\u00f3 formalmente la intervenci\u00f3n del Fiscal Federal en Feria Dr. Luis Benitez, quien inmediatamente Imput\u00f3 penalmente a los [&hellip;]<\/p>\n","protected":false},"author":1,"featured_media":10183,"comment_status":"closed","ping_status":"closed","sticky":false,"template":"","format":"standard","meta":{"footnotes":""},"categories":[1,7],"tags":[],"class_list":["post-10182","post","type-post","status-publish","format-standard","has-post-thumbnail","hentry","category-noticias","category-seguridad-vial"],"_links":{"self":[{"href":"https:\/\/defensoriaformosa.gob.ar\/index.php?rest_route=\/wp\/v2\/posts\/10182","targetHints":{"allow":["GET"]}}],"collection":[{"href":"https:\/\/defensoriaformosa.gob.ar\/index.php?rest_route=\/wp\/v2\/posts"}],"about":[{"href":"https:\/\/defensoriaformosa.gob.ar\/index.php?rest_route=\/wp\/v2\/types\/post"}],"author":[{"embeddable":true,"href":"https:\/\/defensoriaformosa.gob.ar\/index.php?rest_route=\/wp\/v2\/users\/1"}],"replies":[{"embeddable":true,"href":"https:\/\/defensoriaformosa.gob.ar\/index.php?rest_route=%2Fwp%2Fv2%2Fcomments&post=10182"}],"version-history":[{"count":1,"href":"https:\/\/defensoriaformosa.gob.ar\/index.php?rest_route=\/wp\/v2\/posts\/10182\/revisions"}],"predecessor-version":[{"id":10184,"href":"https:\/\/defensoriaformosa.gob.ar\/index.php?rest_route=\/wp\/v2\/posts\/10182\/revisions\/10184"}],"wp:featuredmedia":[{"embeddable":true,"href":"https:\/\/defensoriaformosa.gob.ar\/index.php?rest_route=\/wp\/v2\/media\/10183"}],"wp:attachment":[{"href":"https:\/\/defensoriaformosa.gob.ar\/index.php?rest_route=%2Fwp%2Fv2%2Fmedia&parent=10182"}],"wp:term":[{"taxonomy":"category","embeddable":true,"href":"https:\/\/defensoriaformosa.gob.ar\/index.php?rest_route=%2Fwp%2Fv2%2Fcategories&post=10182"},{"taxonomy":"post_tag","embeddable":true,"href":"https:\/\/defensoriaformosa.gob.ar\/index.php?rest_route=%2Fwp%2Fv2%2Ftags&post=10182"}],"curies":[{"name":"wp","href":"https:\/\/api.w.org\/{rel}","templated":true}]}}