{"id":10178,"date":"2020-01-27T21:38:50","date_gmt":"2020-01-28T00:38:50","guid":{"rendered":"http:\/\/2015.defensoriaformosa.gob.ar\/?p=10178"},"modified":"2020-01-27T21:38:50","modified_gmt":"2020-01-28T00:38:50","slug":"repudio-la-defensoria-del-pueblo-un-nuevo-corte-de-ruta-a-la-altura-de-la-primavera-y-si-bien-gestionara-peticiones-tambien-presentara-una-denuncia-penal-contra-sus-responsables","status":"publish","type":"post","link":"https:\/\/defensoriaformosa.gob.ar\/?p=10178","title":{"rendered":"REPUDI\u00d3 LA DEFENSOR\u00cdA DEL PUEBLO UN NUEVO CORTE DE RUTA A LA ALTURA DE \u201cLA PRIMAVERA\u201d Y SI BIEN GESTIONAR\u00c1 PETICIONES, TAMBI\u00c9N PRESENTAR\u00c1 UNA DENUNCIA PENAL CONTRA SUS RESPONSABLES"},"content":{"rendered":"<p><strong>Un grupo minoritario de Originarios cortan el tr\u00e1nsito de media calzada de la Ruta Nacional N\u00ba 86, a la altura del Km 1.340 desde las 11 hs de la ma\u00f1ana del d\u00eda de la fecha y la medida es total a partir de las 19 hs, hasta las 06 hs, en la que no se conoce como continuar\u00e1 este hecho delictivo tipificado por el C\u00f3digo Penal Argentino. <\/strong><\/p>\n<p><!--more--><\/p>\n<p>El Ombudsman Provincial Dr. Jos\u00e9 Leonardo Gialluca, se comunic\u00f3 en el d\u00eda de ayer con el Cr\u00edo. Gral. N\u00e9stor Ort\u00edz de la Polic\u00eda de la Provincia de Formosa, quien conjuntamente con Cmdte. Ppal. Cristian Ariel Robles del Escuadr\u00f3n XVI Clorinda, se encontraban en el lugar, y donde el Cr\u00edo Gral. Ort\u00edz les, \u201ctransmiti\u00f3 a los Responsables o -Cabecillas- de este corte de ruta Sra. Ilda Sanagachi, con domicilio en el B\u00ba Rep\u00fablica Argentina de la Ciudad de Formosa, quien junto a Clemente Sanagachi, llevan adelante la medida de fuerza\u201d, que el Organismo de la Constituci\u00f3n tramitar\u00e1 sus solicitudes pero bajo la condici\u00f3n de un despeje inmediato y total de la Ruta Nacional N\u00ba 86 . El funcionario provincial, tuvo acceso a una Nota Simple, fechada el 27 de enero del corriente a\u00f1o, en la cual los puntos de reclamo, son los siguientes: Cajas Alimentarias, Pensiones, Educaci\u00f3n, Arreglo de las Calles, Agua Potable, Luz, Arreglo del Cementerio de la Comunidad.<br \/>\nDesde el Organismo de la Constituci\u00f3n, se comprometieron Institucionalmente a gestionar formalmente todas y cada una de las peticiones, siempre dentro de lo \u201crazonable y posible\u201d, dado que el faltante de agua se est\u00e1 haciendo sentir con fuerza en toda nuestra provincia, por la falta de lluvias y la Comunidad de La Primavera, est\u00e1 siendo asistida por camiones cisternas de agua potable, que pertenecen al SPAP y a otros Estamentos del Gobierno Provincial. Si bien, los manifestantes, han hecho hincapi\u00e9 que lo esencial es, \u201csolucionar el -retraso en la entrega- de los m\u00f3dulos alimentarios\u201d, tambi\u00e9n exigen el resto de los puntos mencionados.<br \/>\nGialluca, inform\u00f3 que si bien existe un camino alternativo que se desv\u00eda a la altura de Ceibo Trece y que contin\u00faa por Marca \u201cM\u201d, \u201cel mismo se encuentra muy blando y deteriorado por lo que es transitable \u00fanicamente por veh\u00edculos livianos, siendo imposible que ingresen camiones, trafic u otros veh\u00edculos pesados, lo cual origina un inconveniente grave al derecho a la libre transitabilidad de las rutas que poseen todos los ciudadanos y por lo cual, -para el caso de que no se levante totalmente el corte de ruta, antes citado, se realizar\u00e1 a primera hora del d\u00eda de hoy la denuncia penal correspondiente ante la Justicia Federal con Habilitaci\u00f3n de Feria Judicial, esperando que el Juez Actuante, Cite a los autores materiales e intelectuales a una inmediata -Audiencia Preliminar- y que con el auxilio de Gendarmer\u00eda Nacional, se pueda obtener la liberaci\u00f3n de esta importante traza que atraviesa el territorio provincial-\u201d.<\/p>\n","protected":false},"excerpt":{"rendered":"<p>Un grupo minoritario de Originarios cortan el tr\u00e1nsito de media calzada de la Ruta Nacional N\u00ba 86, a la altura del Km 1.340 desde las 11 hs de la ma\u00f1ana del d\u00eda de la fecha y la medida es total a partir de las 19 hs, hasta las 06 hs, en la que no se [&hellip;]<\/p>\n","protected":false},"author":1,"featured_media":10179,"comment_status":"closed","ping_status":"closed","sticky":false,"template":"","format":"standard","meta":{"footnotes":""},"categories":[1,7,3],"tags":[],"class_list":["post-10178","post","type-post","status-publish","format-standard","has-post-thumbnail","hentry","category-noticias","category-seguridad-vial","category-defensa-de-los-derechos-del-usuario-consumidor-contribuyentes"],"_links":{"self":[{"href":"https:\/\/defensoriaformosa.gob.ar\/index.php?rest_route=\/wp\/v2\/posts\/10178","targetHints":{"allow":["GET"]}}],"collection":[{"href":"https:\/\/defensoriaformosa.gob.ar\/index.php?rest_route=\/wp\/v2\/posts"}],"about":[{"href":"https:\/\/defensoriaformosa.gob.ar\/index.php?rest_route=\/wp\/v2\/types\/post"}],"author":[{"embeddable":true,"href":"https:\/\/defensoriaformosa.gob.ar\/index.php?rest_route=\/wp\/v2\/users\/1"}],"replies":[{"embeddable":true,"href":"https:\/\/defensoriaformosa.gob.ar\/index.php?rest_route=%2Fwp%2Fv2%2Fcomments&post=10178"}],"version-history":[{"count":1,"href":"https:\/\/defensoriaformosa.gob.ar\/index.php?rest_route=\/wp\/v2\/posts\/10178\/revisions"}],"predecessor-version":[{"id":10180,"href":"https:\/\/defensoriaformosa.gob.ar\/index.php?rest_route=\/wp\/v2\/posts\/10178\/revisions\/10180"}],"wp:featuredmedia":[{"embeddable":true,"href":"https:\/\/defensoriaformosa.gob.ar\/index.php?rest_route=\/wp\/v2\/media\/10179"}],"wp:attachment":[{"href":"https:\/\/defensoriaformosa.gob.ar\/index.php?rest_route=%2Fwp%2Fv2%2Fmedia&parent=10178"}],"wp:term":[{"taxonomy":"category","embeddable":true,"href":"https:\/\/defensoriaformosa.gob.ar\/index.php?rest_route=%2Fwp%2Fv2%2Fcategories&post=10178"},{"taxonomy":"post_tag","embeddable":true,"href":"https:\/\/defensoriaformosa.gob.ar\/index.php?rest_route=%2Fwp%2Fv2%2Ftags&post=10178"}],"curies":[{"name":"wp","href":"https:\/\/api.w.org\/{rel}","templated":true}]}}