{"id":10172,"date":"2020-01-27T16:21:22","date_gmt":"2020-01-27T19:21:22","guid":{"rendered":"http:\/\/2015.defensoriaformosa.gob.ar\/?p=10172"},"modified":"2020-01-27T16:21:22","modified_gmt":"2020-01-27T19:21:22","slug":"se-trabaja-en-apertura-de-canal-para-que-a-los-vecinos-de-mision-laishi-y-comunidades-aledanas-no-les-falte-el-agua-potable","status":"publish","type":"post","link":"https:\/\/defensoriaformosa.gob.ar\/?p=10172","title":{"rendered":"SE TRABAJA EN APERTURA DE CANAL PARA QUE A LOS VECINOS DE MISI\u00d3N LAISHI Y COMUNIDADES ALEDA\u00d1AS NO LES FALTE EL AGUA POTABLE"},"content":{"rendered":"<p><strong>Exhorto la Defensor\u00eda del Pueblo a todos los usuarios de la provincia, ante las faltas de lluvias, a llevar adelante un uso responsable del agua potable-<\/strong><\/p>\n<p><!--more--><\/p>\n<p>Con motivo de la falta de lluvias en los \u00faltimos tiempos los pobladores de la Localidad de Misi\u00f3n Laishi, lamentablemente vienen sufriendo esta situaci\u00f3n, ya que en estos \u00faltimos d\u00edas en todas las Localidades cercanas se produjeron importantes precipitaciones. El Ombudsman Provincial Jos\u00e9 Leonardo Gialluca se\u00f1alo que, \u201ccomprende totalmente a los vecinos, pero se hace necesario aclarar y poner las cosas en su lugar, pues en las redes sociales se denuncia una falta de atenci\u00f3n y de inter\u00e9s por parte del Estado Provincial y ello es totalmente falso\u201d.<br \/>\nLa realidad es que la represa del lugar, que hace de fuente desde donde se tomaba el agua para llevarla hasta la planta potabilizadora y desde all\u00ed distribuirla a todos los hogares, en la actualidad se encuentra pr\u00e1cticamente seca y por ello es que, \u201cel Gobierno Provincial esta llevando a cabo, contra reloj, la apertura de un canal que permitir\u00e1 llevar agua desde una zona de esteros hasta la citada represa. Por otro lado, desde el SPAP, se contin\u00faan enviando camiones cisternas que nutren a la planta potabilizadora, lo cual obviamente por las altas temperaturas reinantes y las necesidades de los vecinos es una medida muy costosa e insuficiente. A esto tambi\u00e9n debemos sumarle, que desde el propio Municipio, con sus veh\u00edculos se asiste a los vecinos de las comunidades aleda\u00f1as como el Naranjito, Colonia Laguna Gobernador y otras que vienen padeciendo las faltas de precipitaciones como tambi\u00e9n lo estamos observando en la ciudad de Laguna Blanca, Fontana y otros centros urbanos de nuestra provincia. Por \u00faltimo, desde el Organismo de la Constituci\u00f3n, \u201cse pidi\u00f3 a todos los usuarios de agua potable de nuestra provincia, a realizar un uso razonable de este vital liquido, ya que debemos ser solidarios y comprensivos de la situaci\u00f3n por la que atraviesan otros comprovincianos y es aqu\u00ed donde pedimos que no se laven los veh\u00edculos en las veredas, que se racionen el regado de plantas y jardines, pues de esta manera haciendo un uso responsable del agua, estaremos ayud\u00e1ndonos entre todos\u201d.<\/p>\n","protected":false},"excerpt":{"rendered":"<p>Exhorto la Defensor\u00eda del Pueblo a todos los usuarios de la provincia, ante las faltas de lluvias, a llevar adelante un uso responsable del agua potable-<\/p>\n","protected":false},"author":1,"featured_media":10173,"comment_status":"closed","ping_status":"closed","sticky":false,"template":"","format":"standard","meta":{"footnotes":""},"categories":[4,1,6,7,3],"tags":[],"class_list":["post-10172","post","type-post","status-publish","format-standard","has-post-thumbnail","hentry","category-ddhh","category-noticias","category-salud","category-seguridad-vial","category-defensa-de-los-derechos-del-usuario-consumidor-contribuyentes"],"_links":{"self":[{"href":"https:\/\/defensoriaformosa.gob.ar\/index.php?rest_route=\/wp\/v2\/posts\/10172","targetHints":{"allow":["GET"]}}],"collection":[{"href":"https:\/\/defensoriaformosa.gob.ar\/index.php?rest_route=\/wp\/v2\/posts"}],"about":[{"href":"https:\/\/defensoriaformosa.gob.ar\/index.php?rest_route=\/wp\/v2\/types\/post"}],"author":[{"embeddable":true,"href":"https:\/\/defensoriaformosa.gob.ar\/index.php?rest_route=\/wp\/v2\/users\/1"}],"replies":[{"embeddable":true,"href":"https:\/\/defensoriaformosa.gob.ar\/index.php?rest_route=%2Fwp%2Fv2%2Fcomments&post=10172"}],"version-history":[{"count":1,"href":"https:\/\/defensoriaformosa.gob.ar\/index.php?rest_route=\/wp\/v2\/posts\/10172\/revisions"}],"predecessor-version":[{"id":10174,"href":"https:\/\/defensoriaformosa.gob.ar\/index.php?rest_route=\/wp\/v2\/posts\/10172\/revisions\/10174"}],"wp:featuredmedia":[{"embeddable":true,"href":"https:\/\/defensoriaformosa.gob.ar\/index.php?rest_route=\/wp\/v2\/media\/10173"}],"wp:attachment":[{"href":"https:\/\/defensoriaformosa.gob.ar\/index.php?rest_route=%2Fwp%2Fv2%2Fmedia&parent=10172"}],"wp:term":[{"taxonomy":"category","embeddable":true,"href":"https:\/\/defensoriaformosa.gob.ar\/index.php?rest_route=%2Fwp%2Fv2%2Fcategories&post=10172"},{"taxonomy":"post_tag","embeddable":true,"href":"https:\/\/defensoriaformosa.gob.ar\/index.php?rest_route=%2Fwp%2Fv2%2Ftags&post=10172"}],"curies":[{"name":"wp","href":"https:\/\/api.w.org\/{rel}","templated":true}]}}