{"id":10164,"date":"2020-01-24T14:57:53","date_gmt":"2020-01-24T17:57:53","guid":{"rendered":"http:\/\/2015.defensoriaformosa.gob.ar\/?p=10164"},"modified":"2020-01-24T14:57:53","modified_gmt":"2020-01-24T17:57:53","slug":"inspeccion-general-de-justicia-derivo-pedido-de-la-defensoria-para-hallar-una-solucion-a-los-aumentos-excesivos-de-los-planes-de-ahorro-de-autos-al-departamento-de-control-federal-de-ahorro","status":"publish","type":"post","link":"https:\/\/defensoriaformosa.gob.ar\/?p=10164","title":{"rendered":"INSPECCI\u00d3N GENERAL DE JUSTICIA DERIVO PEDIDO DE LA DEFENSORIA, PARA HALLAR UNA SOLUCI\u00d3N A LOS AUMENTOS EXCESIVOS DE LOS PLANES DE AHORRO DE AUTOS, AL -DEPARTAMENTO DE CONTROL FEDERAL DE AHORRO-"},"content":{"rendered":"<p><strong>Por otro lado se renov\u00f3 el pedido a la I.G.J y a la Ministra de Justicia y Derechos Humanos de la Naci\u00f3n, para la adopci\u00f3n de medidas urgentes en beneficio de los adherentes y adjudicatarios de planes de ahorro para fines determinados, fund\u00e1ndose en los excesivos y permanentes aumentos que se vienen registrando desde el a\u00f1o 2.018 y que contin\u00faan a la fecha sin instrumentarse una soluci\u00f3n de fondo para miles de consumidores.<\/strong><\/p>\n<p><!--more--><br \/>\nEl Defensor del Pueblo de la Provincia, Dr. Jos\u00e9 L. Gialluca, requiri\u00f3 al Se\u00f1or Inspector General de Justicia, Dr. Ricardo Nissen, para que, dentro de las facultades otorgadas por la Ley N\u00ba 22.315, disponga las medidas necesarias y urgentes para garantizar la factibilidad del cumplimiento de los contratos bajo la modalidad de \u201cgrupo cerrado\u201d, asimismo, se puso en conocimiento de dicha actuaci\u00f3n a la Se\u00f1ora Ministra de Justicia y Derechos Humanos la Dra. Marcela Miriam Losardo, considerando que, la situaci\u00f3n econ\u00f3mica actual, exige la adopci\u00f3n de previsiones que contemplen la cr\u00edtica situaci\u00f3n de los adherentes y adjudicatarios de todo el pa\u00eds, que es de p\u00fablico conocimiento, encontr\u00e1ndonos en un escenario donde permanentemente aumentan las cuotas de los planes de ahorro, incrementos que deben absorber los consumidores, a lo que se suma, la p\u00e9rdida del poder adquisitivo de los ciudadanos debido a la elevada inflaci\u00f3n, que acarrea en muchos casos, el incumplimiento de los ahorristas o peor a\u00fan, deriva en el secuestro de los bienes, afectando la calidad de vida de numerosas familias. Entre las medias solicitadas, se puede mencionar: establecer un r\u00e9gimen de diferimiento de pagos que coadyuve a la preservaci\u00f3n de tales obligaciones en condiciones equitativas; se elimine la aplicaci\u00f3n de multas a los suscriptores y la reducci\u00f3n de las cargas administrativas; se contemple para dichos contratos que el precio de los bienes sea el mismo percibido por operaciones de venta efectuadas a la red de comercializaci\u00f3n de las empresas fabricantes de los mismos, aplic\u00e1ndose las bonificaciones correspondientes; que, el premio de los seguros sobre los bienes adjudicados, se adecue a los percibidos por operaciones ajenas al sistema de ahorro concertadas en el lugar de entrega de los bienes y la cobertura de riesgos exigible, o en su caso, se brinde la posibilidad a los suscriptores adjudicatarios de optar por la contrataci\u00f3n directa del seguro; que, se le exima al adjudicatario en mora, de pagar determinados gastos de cobranza extrajudicial y se le facilite la posibilidad de cancelar los saldos de deuda, evitando as\u00ed la ejecuci\u00f3n judicial del bien-tipo prendado, otra alternativa a tener cuenta, consiste en actualizar las cuotas seg\u00fan el \u00edndice salarial publicado mensualmente por el INDEC. Todo en ello, en miras a impedir una mayor afectaci\u00f3n patrimonial del suscriptor y sus garantes. En este contexto, cabe se\u00f1alar que el segmento de ahorristas m\u00e1s comprometido, es el adjudicatario en mora, es decir, aquellos que ya cuentan con el veh\u00edculo en su poder y no est\u00e1n pudiendo cumplir con el pago de las cuotas mensuales, considerando las graves consecuencias que ello acarrea. Tambi\u00e9n es dable destacar que, este Organismo de la Constituci\u00f3n, renueva su solicitud y brinda las propuestas mencionadas a una nueva gesti\u00f3n de gobierno nacional y en el marco de la \u201cLey 27.541 denominada \u201cLey de Solidaridad Social y Reactivaci\u00f3n Productiva\u201d, dado que, durante el Gobierno del Expresidente, Ing. Mauricio Macri, a pesar de los reiterados pedidos de intervenci\u00f3n de las Defensor\u00edas del Pueblo y de las Asociaciones de Consumidores de las diferentes provincias, el Organismo Nacional que es la I.G.J., nunca dio una respuesta sobre el particular, evadiendo el deber que le fue impuesto por ley, de atender los reclamos que le son planteados y de contestar los requerimientos de los Organismos de la Constituci\u00f3n. Como tampoco lo hizo su superior jer\u00e1rquico, el Sr. Ministro de Justicia y Derechos Humanos de la Naci\u00f3n, el Dr. Germ\u00e1n Carlos Garavano a quien se le corri\u00f3 traslado la problem\u00e1tica existente. Para finalizar, el Dr. Gialluca resalt\u00f3 que, el mismo d\u00eda en que se envi\u00f3 la actuaci\u00f3n v\u00eda mail, \u2013 el 21 del corriente mes y a\u00f1o \u2013 la I.G.J. a cargo del Dr. Nissen, acus\u00f3 recibo de la misma, informando que deriv\u00f3 el caso al sector correspondiente, por lo que, esperamos tener novedades al respecto en poco tiempo; invitando a los interesados para obtener mayor informaci\u00f3n sobre esta cuesti\u00f3n, a la sede de la Def. del Pueblo sita en Padre Pati\u00f1o N\u00ba 831 en los horarios de atenci\u00f3n al p\u00fablico o comunicarse v\u00eda mail a: denuncia@formosa.gov.ar o telef\u00f3nicamente al 4436379.<\/p>\n","protected":false},"excerpt":{"rendered":"<p>Por otro lado se renov\u00f3 el pedido a la I.G.J y a la Ministra de Justicia y Derechos Humanos de la Naci\u00f3n, para la adopci\u00f3n de medidas urgentes en beneficio de los adherentes y adjudicatarios de planes de ahorro para fines determinados, fund\u00e1ndose en los excesivos y permanentes aumentos que se vienen registrando desde el [&hellip;]<\/p>\n","protected":false},"author":1,"featured_media":10165,"comment_status":"closed","ping_status":"closed","sticky":false,"template":"","format":"standard","meta":{"footnotes":""},"categories":[1],"tags":[],"class_list":["post-10164","post","type-post","status-publish","format-standard","has-post-thumbnail","hentry","category-noticias"],"_links":{"self":[{"href":"https:\/\/defensoriaformosa.gob.ar\/index.php?rest_route=\/wp\/v2\/posts\/10164","targetHints":{"allow":["GET"]}}],"collection":[{"href":"https:\/\/defensoriaformosa.gob.ar\/index.php?rest_route=\/wp\/v2\/posts"}],"about":[{"href":"https:\/\/defensoriaformosa.gob.ar\/index.php?rest_route=\/wp\/v2\/types\/post"}],"author":[{"embeddable":true,"href":"https:\/\/defensoriaformosa.gob.ar\/index.php?rest_route=\/wp\/v2\/users\/1"}],"replies":[{"embeddable":true,"href":"https:\/\/defensoriaformosa.gob.ar\/index.php?rest_route=%2Fwp%2Fv2%2Fcomments&post=10164"}],"version-history":[{"count":1,"href":"https:\/\/defensoriaformosa.gob.ar\/index.php?rest_route=\/wp\/v2\/posts\/10164\/revisions"}],"predecessor-version":[{"id":10166,"href":"https:\/\/defensoriaformosa.gob.ar\/index.php?rest_route=\/wp\/v2\/posts\/10164\/revisions\/10166"}],"wp:featuredmedia":[{"embeddable":true,"href":"https:\/\/defensoriaformosa.gob.ar\/index.php?rest_route=\/wp\/v2\/media\/10165"}],"wp:attachment":[{"href":"https:\/\/defensoriaformosa.gob.ar\/index.php?rest_route=%2Fwp%2Fv2%2Fmedia&parent=10164"}],"wp:term":[{"taxonomy":"category","embeddable":true,"href":"https:\/\/defensoriaformosa.gob.ar\/index.php?rest_route=%2Fwp%2Fv2%2Fcategories&post=10164"},{"taxonomy":"post_tag","embeddable":true,"href":"https:\/\/defensoriaformosa.gob.ar\/index.php?rest_route=%2Fwp%2Fv2%2Ftags&post=10164"}],"curies":[{"name":"wp","href":"https:\/\/api.w.org\/{rel}","templated":true}]}}