{"id":10160,"date":"2020-01-23T23:27:03","date_gmt":"2020-01-24T02:27:03","guid":{"rendered":"http:\/\/2015.defensoriaformosa.gob.ar\/?p=10160"},"modified":"2020-01-23T23:27:03","modified_gmt":"2020-01-24T02:27:03","slug":"el-defensor-del-pueblo-invito-a-los-productores-ausentes-de-la-reunion-informativa-sobre-el-banado-la-estrella-y-zonas-aledanas-a-no-dedicarse-unicamente-a-realizar-denuncias-catastroficas-y-sumarse","status":"publish","type":"post","link":"https:\/\/defensoriaformosa.gob.ar\/?p=10160","title":{"rendered":"EL DEFENSOR DEL PUEBLO INVITO A LOS PRODUCTORES AUSENTES DE LA REUNI\u00d3N INFORMATIVA SOBRE EL BA\u00d1ADO LA ESTRELLA Y ZONAS ALEDA\u00d1AS, A NO DEDICARSE UNICAMENTE A REALIZAR DENUNCIAS CATASTR\u00d3FICAS Y SUMARSE A LOS TRABAJOS INTERINSTITUCIONALES"},"content":{"rendered":"<p><strong>Tras la &#8211; Reuni\u00f3n Informativa Ampliada \u2013 con pr\u00e1cticamente todos los sectores productivos de la Zona del Ba\u00f1ado La Estrella y del oeste provincial, llevada a cabo en Las Lomitas, el Defensor del Pueblo Jos\u00e9 Leonardo Gialluca invito a la Dra. Emilia Maciel, a V\u00edctor Ruiz, a otros productores y ciudadanos, que no estuvieron presentes con todas las autoridades provinciales que expusieron documentadamente todo lo relativo al manejo de las compuertas de la obra h\u00eddrica del Ba\u00f1ado La Estrella, como as\u00ed tambi\u00e9n las diferentes acciones y gestiones que se han llevado a cabo y las que se concretaran en el futuro a pedido de los vecinos y de oficio, \u201cde manera que nadie salga perjudicado frente a los cambios a lo que nos somete el cauce de nuestro Rio Pilcomayo, en la medida en que humanamente se pueda desde el Estado Provincial con hombres, maquinarias y proyectos viables, no permitir que ning\u00fan productor aborigen ni criollo pierda, tanto ganado menor como otros, pues la idea central es que con la unidad y el dialogo se obtengan consensos para todos y en beneficio de la generalidad sin estar mirando a quien pertenecen las tierras\u201d.<\/strong><\/p>\n<p><!--more--><br \/>\nEn este sentido el funcionario provincial le pidi\u00f3 a la Dra. Emilia Maciel que si recibe amenazas p\u00fablicas, o entiende que existen irregularidades en el \u201cmanejo de la cosa p\u00fablica\u201d, concurra a la justicia o a la Defensor\u00eda del Pueblo y la acompa\u00f1aremos en sus reclamos, siempre y cuando los mismos sean leg\u00edtimos y razonables. Por otra parte, Gialluca agrego que en los a\u00f1os en que no exist\u00eda energ\u00eda el\u00e9ctrica, agua potable y menos el pavimento de la Ruta Nacional 81, \u201cnos prove\u00edamos de agua cada ves que pasaban los tanques del ferrocarril del Ramal 25 -General Belgrano- y de lo contrario depend\u00edamos de las lluvias que juntaban el agua en represas y que luego tom\u00e1bamos directamente o la potabiliz\u00e1bamos en cierta medida con trozos de cal\u201d. Los tiempos han cambiado y hoy estamos todos comunicados al instante desde cualquier punto de la provincia y por ello es que impulsamos a que trabajemos y pongamos nuestras fuerzas e ideas, ya sea con cada productor con inconvenientes o con APROBAE o la entidad que sea, pues lo importante es que todos nos pongamos de acuerdo en que el agua es vida y debe ser cuidada y manejada conforme los criterios t\u00e9cnicos que permitan que nadie sea perjudicado y que todo el mundo trabaje para beneficio propio y la comunidad en que vive.-<\/p>\n","protected":false},"excerpt":{"rendered":"<p>Tras la &#8211; Reuni\u00f3n Informativa Ampliada \u2013 con pr\u00e1cticamente todos los sectores productivos de la Zona del Ba\u00f1ado La Estrella y del oeste provincial, llevada a cabo en Las Lomitas, el Defensor del Pueblo Jos\u00e9 Leonardo Gialluca invito a la Dra. Emilia Maciel, a V\u00edctor Ruiz, a otros productores y ciudadanos, que no estuvieron presentes [&hellip;]<\/p>\n","protected":false},"author":1,"featured_media":10162,"comment_status":"closed","ping_status":"closed","sticky":false,"template":"","format":"standard","meta":{"footnotes":""},"categories":[1,3],"tags":[],"class_list":["post-10160","post","type-post","status-publish","format-standard","has-post-thumbnail","hentry","category-noticias","category-defensa-de-los-derechos-del-usuario-consumidor-contribuyentes"],"_links":{"self":[{"href":"https:\/\/defensoriaformosa.gob.ar\/index.php?rest_route=\/wp\/v2\/posts\/10160","targetHints":{"allow":["GET"]}}],"collection":[{"href":"https:\/\/defensoriaformosa.gob.ar\/index.php?rest_route=\/wp\/v2\/posts"}],"about":[{"href":"https:\/\/defensoriaformosa.gob.ar\/index.php?rest_route=\/wp\/v2\/types\/post"}],"author":[{"embeddable":true,"href":"https:\/\/defensoriaformosa.gob.ar\/index.php?rest_route=\/wp\/v2\/users\/1"}],"replies":[{"embeddable":true,"href":"https:\/\/defensoriaformosa.gob.ar\/index.php?rest_route=%2Fwp%2Fv2%2Fcomments&post=10160"}],"version-history":[{"count":1,"href":"https:\/\/defensoriaformosa.gob.ar\/index.php?rest_route=\/wp\/v2\/posts\/10160\/revisions"}],"predecessor-version":[{"id":10163,"href":"https:\/\/defensoriaformosa.gob.ar\/index.php?rest_route=\/wp\/v2\/posts\/10160\/revisions\/10163"}],"wp:featuredmedia":[{"embeddable":true,"href":"https:\/\/defensoriaformosa.gob.ar\/index.php?rest_route=\/wp\/v2\/media\/10162"}],"wp:attachment":[{"href":"https:\/\/defensoriaformosa.gob.ar\/index.php?rest_route=%2Fwp%2Fv2%2Fmedia&parent=10160"}],"wp:term":[{"taxonomy":"category","embeddable":true,"href":"https:\/\/defensoriaformosa.gob.ar\/index.php?rest_route=%2Fwp%2Fv2%2Fcategories&post=10160"},{"taxonomy":"post_tag","embeddable":true,"href":"https:\/\/defensoriaformosa.gob.ar\/index.php?rest_route=%2Fwp%2Fv2%2Ftags&post=10160"}],"curies":[{"name":"wp","href":"https:\/\/api.w.org\/{rel}","templated":true}]}}