{"id":10151,"date":"2020-01-21T16:04:46","date_gmt":"2020-01-21T19:04:46","guid":{"rendered":"http:\/\/2015.defensoriaformosa.gob.ar\/?p=10151"},"modified":"2020-01-21T16:04:46","modified_gmt":"2020-01-21T19:04:46","slug":"desde-la-defensoria-sostienen-que-la-especulacion-hizo-que-muchos-productos-de-la-canasta-basica-esten-sobrevaluados","status":"publish","type":"post","link":"https:\/\/defensoriaformosa.gob.ar\/?p=10151","title":{"rendered":"Desde la Defensor\u00eda sostienen que la especulaci\u00f3n hizo que muchos productos de la canasta b\u00e1sica est\u00e9n sobrevaluados"},"content":{"rendered":"<p><strong>Desde la Direcci\u00f3n de Defensa de los Usuarios, Consumidores, Contribuyentes y Relaciones de Consumo de la Defensor\u00eda del Pueblo, salieron al cruce de las declaraciones del propietario de una importante cadena de supermercados de la Provincia, quien afirmara que no hubieron aumentos en las mercader\u00edas sino que las alzas se deben al regreso del IVA. <\/strong><\/p>\n<p><!--more--><\/p>\n<p>Desde el Organismo de la Constituci\u00f3n afirmaron que se registraron fuertes aumentos en los meses de noviembre y diciembre de 2019, denunciando que tal maniobra se atribuy\u00f3 a la \u201cespeculaci\u00f3n\u201d de dos multinacionales que concentran casi el 80 % de la oferta en productos de primera necesidad en el pa\u00eds y que no son otras que P&amp;G y Molinos R\u00edos de la Plata. As\u00ed fue que, a fines del a\u00f1o pasado, en el ocaso de una pol\u00edtica econ\u00f3mica nacional que durante cuatro a\u00f1os nos dej\u00f3 a los consumidores a merced de estos grupos econ\u00f3micos, afirmaron, las empresas nombradas efectuaron marcadas subas, muchas de ellas muy por encima de la inflaci\u00f3n existente, previniendo que el nuevo Gobierno Nacional, ya electo, trabajar\u00eda fuertemente para estabilizar los precios. A tal espuria medida que hizo que hoy algunos productos se hallen sobrevaluados, se suma ahora que, con buen criterio, se ha quitado la exenci\u00f3n del IVA a los productos b\u00e1sicos. Dado que la ayuda para obtener los mismos debe dirigirse a los sectores socioecon\u00f3micos m\u00e1s vulnerables, debiendo las dem\u00e1s franjas socioecon\u00f3micas, como en todo pa\u00eds organizado, tributar impuestos pues con ellos se sostienen las escuelas, los hospitales, la seguridad y un sinn\u00famero de servicios p\u00fablicos que el Estado debe brindar.<br \/>\nNos parece equivocada la postura del supermercadista que dice que los productos alimentarios no sufrieron alzas &#8211; remarc\u00f3 el Defensor del Pueblo, Jos\u00e9 Leonardo Gialluca &#8211; dado que \u201cs\u00ed aumentaron nuevamente los precios\u201d, para los consumidores no importa si la causa es el regreso del IVA o cualquier otra circunstancia, si acuden a las g\u00f3ndolas y encuentran las mercader\u00edas 21 % m\u00e1s caras, hubo aumentos y se enteran que reciben un nuevo golpe a sus bolsillos. El IVA graba la actividad que realiza el comercio, no obstante, como todo, los empresarios lo trasladan \u00edntegramente al consumidor final, no hay responsabilidad social en eso. Hay que ver, de aqu\u00ed en adelante, que es lo que se puede hacer para que la inflaci\u00f3n disminuya o deje de afectar a los precios de la Canasta B\u00e1sica. Para lo cual, ser\u00eda bueno que las grandes cadenas de supermercados de la Provincia, m\u00e1s que justificar alzas, nos propongan la adhesi\u00f3n al Programa Nacional de Precios Cuidados o a la Propuesta de adecuaci\u00f3n del citado programa que, tentativamente, procurar\u00e1 el Lic. V\u00edctor Romea, Subsecretario de Defensa del Usuario y Consumidor de la Provincia, conforme nos adelant\u00f3. Es una coyuntura compleja la que atravesamos como pa\u00eds en materia econ\u00f3mica, subray\u00f3 finalmente el Ombudsman Provincial, pero sin dudas con el esfuerzo de todos podr\u00e1 ser superada. Estimamos que esa es la propuesta de los empresarios a nivel nacional la que esperamos replique en nuestro medio. &#8211;<\/p>\n","protected":false},"excerpt":{"rendered":"<p>Desde la Direcci\u00f3n de Defensa de los Usuarios, Consumidores, Contribuyentes y Relaciones de Consumo de la Defensor\u00eda del Pueblo, salieron al cruce de las declaraciones del propietario de una importante cadena de supermercados de la Provincia, quien afirmara que no hubieron aumentos en las mercader\u00edas sino que las alzas se deben al regreso del IVA.<\/p>\n","protected":false},"author":1,"featured_media":10152,"comment_status":"closed","ping_status":"closed","sticky":false,"template":"","format":"standard","meta":{"footnotes":""},"categories":[1,3],"tags":[],"class_list":["post-10151","post","type-post","status-publish","format-standard","has-post-thumbnail","hentry","category-noticias","category-defensa-de-los-derechos-del-usuario-consumidor-contribuyentes"],"_links":{"self":[{"href":"https:\/\/defensoriaformosa.gob.ar\/index.php?rest_route=\/wp\/v2\/posts\/10151","targetHints":{"allow":["GET"]}}],"collection":[{"href":"https:\/\/defensoriaformosa.gob.ar\/index.php?rest_route=\/wp\/v2\/posts"}],"about":[{"href":"https:\/\/defensoriaformosa.gob.ar\/index.php?rest_route=\/wp\/v2\/types\/post"}],"author":[{"embeddable":true,"href":"https:\/\/defensoriaformosa.gob.ar\/index.php?rest_route=\/wp\/v2\/users\/1"}],"replies":[{"embeddable":true,"href":"https:\/\/defensoriaformosa.gob.ar\/index.php?rest_route=%2Fwp%2Fv2%2Fcomments&post=10151"}],"version-history":[{"count":1,"href":"https:\/\/defensoriaformosa.gob.ar\/index.php?rest_route=\/wp\/v2\/posts\/10151\/revisions"}],"predecessor-version":[{"id":10153,"href":"https:\/\/defensoriaformosa.gob.ar\/index.php?rest_route=\/wp\/v2\/posts\/10151\/revisions\/10153"}],"wp:featuredmedia":[{"embeddable":true,"href":"https:\/\/defensoriaformosa.gob.ar\/index.php?rest_route=\/wp\/v2\/media\/10152"}],"wp:attachment":[{"href":"https:\/\/defensoriaformosa.gob.ar\/index.php?rest_route=%2Fwp%2Fv2%2Fmedia&parent=10151"}],"wp:term":[{"taxonomy":"category","embeddable":true,"href":"https:\/\/defensoriaformosa.gob.ar\/index.php?rest_route=%2Fwp%2Fv2%2Fcategories&post=10151"},{"taxonomy":"post_tag","embeddable":true,"href":"https:\/\/defensoriaformosa.gob.ar\/index.php?rest_route=%2Fwp%2Fv2%2Ftags&post=10151"}],"curies":[{"name":"wp","href":"https:\/\/api.w.org\/{rel}","templated":true}]}}