{"id":10146,"date":"2020-01-20T17:16:51","date_gmt":"2020-01-20T20:16:51","guid":{"rendered":"http:\/\/2015.defensoriaformosa.gob.ar\/?p=10146"},"modified":"2020-01-20T17:16:51","modified_gmt":"2020-01-20T20:16:51","slug":"desde-la-defensoria-consideran-legal-que-el-estado-nacional-ponga-freno-al-aumento-de-las-cuotas-de-autoplanes","status":"publish","type":"post","link":"https:\/\/defensoriaformosa.gob.ar\/?p=10146","title":{"rendered":"Desde La Defensor\u00eda consideran legal que el Estado Nacional ponga freno al aumento de las cuotas de autoplanes"},"content":{"rendered":"<p><strong>Desde la Direcci\u00f3n de Defensa de los Derechos de los Usuarios, Consumidores de la Defensor\u00eda del Pueblo de la Provincia, salieron al cruce de las afirmaciones realizadas desde la Asociaci\u00f3n que nuclea a todas las automotrices del pa\u00eds \u2013 ADEFA \u2013 desde donde consideraron que media una \u201cintromisi\u00f3n\u201d del Gobierno Nacional en la instrucci\u00f3n dada al Banco Central (BCRA) para que estudie alternativas de soluci\u00f3n para los consumidores suscriptores, ante el alto costo de las cuotas de autoplanes, las cuales desde marzo de 2018 a diciembre de 2019, en virtud de la corrida cambiaria, han sufrido un incremento del 180 %. <\/strong><\/p>\n<p><!--more--><\/p>\n<p>Sobre el particular, la Defensora del Pueblo Adjunta, Dra. Sylvina Portillo, remarc\u00f3 que el Ombudsman Provincial, Jos\u00e9 Leonardo Gialluca, de manera insistente, desde el inicio de la crisis cambiaria a comienzos del 2018, ha planteado tanto a las automotrices como a la Inspecci\u00f3n General de Justicia de la Naci\u00f3n, que tiene injerencia directa en la fiscalizaci\u00f3n de autoplanes de todo el pa\u00eds, que revea el precio de las cuotas, dado que las mismas se volvieron \u201c casi impagables\u201d para los suscriptores, se difirieran los pagos, se frenara la aplicaci\u00f3n de multas por retrasos, se aplicaran bonificaciones, no se impusieran costosos seguros, se posibilitara la cobranza extrajudicial de mora sin cargos adicionales etc, sin que, oficialmente, se hiciera nada al respecto en el anterior gobierno nacional. S\u00ed se pudo conseguir un principio de di\u00e1logo con las empresas, llegando a revisarse cada caso en particular, con algunas y con otras, mediante la extensi\u00f3n de cuotas y refinanciaci\u00f3n se procuraba, en todo momento, de velar por los intereses de los consumidores que expresaban su intenci\u00f3n de que no se le cayeran los planes y as\u00ed poder mantener la esperanza de \u201calg\u00fan d\u00eda\u201d llegar al 0 km.<br \/>\nPor su parte, el Secretario Letrado de la Defensor\u00eda, Jos\u00e9 Porfirio Garc\u00eda, remarc\u00f3 que \u201cno existe intromisi\u00f3n alguna\u201d por parte del Estado Nacional al haber instruido al BCRA para que contemple una alternativa a la dif\u00edcil problem\u00e1tica que atraviesan quienes hoy deben hacer frente a alt\u00edsimas cuotas de autoplanes. La Constituci\u00f3n Nacional, en su Art. 42\u00ba. destac\u00f3 el letrado, prev\u00e9 que el Estado, por intermedio de sus autoridades, debe velar por la \u201cprotecci\u00f3n de los intereses econ\u00f3micos de los consumidores y no es otra cosa que lo que se intenta hacer con la medida que se impulsa, la cual prev\u00e9 la prolongaci\u00f3n del n\u00famero de cuotas de los autoplanes, de manera tal que las mensualidades sigan estando al alcance de los que a\u00fan pueden afrontarlas, no se corte el flujo econ\u00f3mico hacia las automotrices y, eventualmente, se realicen ajustes futuros a este verdadero plan de rescate de autoplanes que, como se dijera, apunta fundamentalmente tanto a proteger los derechos de los suscriptores de los mismos, como a redinamizar el sector automotriz que viene pasando por una muy dif\u00edcil situaci\u00f3n desde hace casi dos a\u00f1os.-\u201d<\/p>\n","protected":false},"excerpt":{"rendered":"<p>Desde la Direcci\u00f3n de Defensa de los Derechos de los Usuarios, Consumidores de la Defensor\u00eda del Pueblo de la Provincia, salieron al cruce de las afirmaciones realizadas desde la Asociaci\u00f3n que nuclea a todas las automotrices del pa\u00eds \u2013 ADEFA \u2013 desde donde consideraron que media una \u201cintromisi\u00f3n\u201d del Gobierno Nacional en la instrucci\u00f3n dada [&hellip;]<\/p>\n","protected":false},"author":1,"featured_media":10147,"comment_status":"closed","ping_status":"closed","sticky":false,"template":"","format":"standard","meta":{"footnotes":""},"categories":[1,3],"tags":[],"class_list":["post-10146","post","type-post","status-publish","format-standard","has-post-thumbnail","hentry","category-noticias","category-defensa-de-los-derechos-del-usuario-consumidor-contribuyentes"],"_links":{"self":[{"href":"https:\/\/defensoriaformosa.gob.ar\/index.php?rest_route=\/wp\/v2\/posts\/10146","targetHints":{"allow":["GET"]}}],"collection":[{"href":"https:\/\/defensoriaformosa.gob.ar\/index.php?rest_route=\/wp\/v2\/posts"}],"about":[{"href":"https:\/\/defensoriaformosa.gob.ar\/index.php?rest_route=\/wp\/v2\/types\/post"}],"author":[{"embeddable":true,"href":"https:\/\/defensoriaformosa.gob.ar\/index.php?rest_route=\/wp\/v2\/users\/1"}],"replies":[{"embeddable":true,"href":"https:\/\/defensoriaformosa.gob.ar\/index.php?rest_route=%2Fwp%2Fv2%2Fcomments&post=10146"}],"version-history":[{"count":1,"href":"https:\/\/defensoriaformosa.gob.ar\/index.php?rest_route=\/wp\/v2\/posts\/10146\/revisions"}],"predecessor-version":[{"id":10148,"href":"https:\/\/defensoriaformosa.gob.ar\/index.php?rest_route=\/wp\/v2\/posts\/10146\/revisions\/10148"}],"wp:featuredmedia":[{"embeddable":true,"href":"https:\/\/defensoriaformosa.gob.ar\/index.php?rest_route=\/wp\/v2\/media\/10147"}],"wp:attachment":[{"href":"https:\/\/defensoriaformosa.gob.ar\/index.php?rest_route=%2Fwp%2Fv2%2Fmedia&parent=10146"}],"wp:term":[{"taxonomy":"category","embeddable":true,"href":"https:\/\/defensoriaformosa.gob.ar\/index.php?rest_route=%2Fwp%2Fv2%2Fcategories&post=10146"},{"taxonomy":"post_tag","embeddable":true,"href":"https:\/\/defensoriaformosa.gob.ar\/index.php?rest_route=%2Fwp%2Fv2%2Ftags&post=10146"}],"curies":[{"name":"wp","href":"https:\/\/api.w.org\/{rel}","templated":true}]}}