{"id":10135,"date":"2020-01-17T14:48:39","date_gmt":"2020-01-17T17:48:39","guid":{"rendered":"http:\/\/2015.defensoriaformosa.gob.ar\/?p=10135"},"modified":"2020-01-17T14:48:39","modified_gmt":"2020-01-17T17:48:39","slug":"la-defensoria-solicito-al-gobierno-nacional-una-tarifa-de-energia-diferenciada-para-el-nea","status":"publish","type":"post","link":"https:\/\/defensoriaformosa.gob.ar\/?p=10135","title":{"rendered":"La Defensor\u00eda solicit\u00f3 al Gobierno Nacional una Tarifa de Energ\u00eda Diferenciada para el NEA"},"content":{"rendered":"<p><strong>La Defensor\u00eda del Pueblo de la Provincia, por intermedio de su Direcci\u00f3n de Defensa de los Usuarios y Consumidores, solicit\u00f3 tanto al Secretario de Energ\u00eda de la Naci\u00f3n, Ing. Sergio Lanziani, como al Subsecretario del \u00c1rea Ing. Osvaldo Arr\u00faa, que en ejercicio de la competencia que les cabe en el desarrollo de la pol\u00edtica tarifaria nacional arbitren las acciones necesarias para que la Regi\u00f3n Nordeste Argentino (NEA) que comprende las provincias de Formosa, Chaco, Corrientes y Misiones, pueda contar con una Tarifa Regional Diferenciada de Energ\u00eda, petici\u00f3n esta que lleva a\u00f1os y se ha transformado en un reclamo hist\u00f3rico del Organismo de la Constituci\u00f3n. <\/strong><\/p>\n<p><!--more--><\/p>\n<p>\u201c B\u00e1sicamente lo que se solicita \u2013 refiri\u00f3 la Defensora del Pueblo Adjunta Sylvina Portillo \u2013 es que se retome el rumbo que las pol\u00edticas nacionales en materia de energ\u00eda han abandonado desde el a\u00f1o 2015, en el sentido de corregir las asimetr\u00edas regionales existentes en el pa\u00eds. Nuestra Provincia, al igual que las dem\u00e1s del NEA, abund\u00f3 la funcionaria, no posee gas natural, por lo que se considera electrodependiente. Siendo la electricidad la \u00fanica fuente energ\u00e9tica para hogares, industria y comercio de la regi\u00f3n, factor no menos importante a considerar para otorgar una tarifa diferenciada, m\u00e1s a\u00fan si se tiene en cuenta que la gesti\u00f3n Macri increment\u00f3 en menos de 4 a\u00f1os m\u00e1s del 3.000 % el costo de la energ\u00eda.<br \/>\nEn su conjunto, el NEA, no llega al 21 % de la energ\u00eda consumida en el pa\u00eds, por lo que el menor costo que pueda determinarse, cuanto menos en los meses de verano, que el consumo de electricidad en los hogares se eleva exponencialmente, no implicar\u00e1 una gran variable en los ingresos de ENARSA, la empresa estatal que monop\u00f3licamente produce energ\u00eda en el pa\u00eds, ni de CAMMESA la compa\u00f1\u00eda tambi\u00e9n del estado que monop\u00f3licamente la comercializa, subray\u00f3 la Adjunta. Por el contrario, sin dudas, representar\u00e1 un alivio a las maltrechas econom\u00edas dom\u00e9sticas de m\u00e1s de casi tres millones ochocientos mil argentinos que hoy d\u00eda tienen como un importante costo el de la factura de electricidad, cuyo principal componente es el valor que surge de la generaci\u00f3n y el transporte que nos impone el Estado Nacional y que como se expresara, el Gobierno Nacional anterior, hizo que alcanzara l\u00edmites exorbitantes, mientras descuid\u00f3 la necesaria relaci\u00f3n que debe existir entre incremento de las tarifas y los aumentos salariales. No me caben dudas que tanto el flamante Secretario de Energ\u00eda de la Naci\u00f3n, Ing. Sergio Lanziani, como el Subsecretario del \u00c1rea, Ing. Osvaldo Arr\u00faa, como oriundos del NEA, sabr\u00e1n comprender la situaci\u00f3n que embarga a los usuarios de la Regi\u00f3n y adoptar una medida acorde con la equidad que debe regir la pol\u00edtica tarifaria nacional, que no es otra que la determinaci\u00f3n de una tarifa diferenciada para las Provincias del Nordeste Argentino.-<\/p>\n","protected":false},"excerpt":{"rendered":"<p>La Defensor\u00eda del Pueblo de la Provincia, por intermedio de su Direcci\u00f3n de Defensa de los Usuarios y Consumidores, solicit\u00f3 tanto al Secretario de Energ\u00eda de la Naci\u00f3n, Ing. Sergio Lanziani, como al Subsecretario del \u00c1rea Ing. Osvaldo Arr\u00faa, que en ejercicio de la competencia que les cabe en el desarrollo de la pol\u00edtica tarifaria [&hellip;]<\/p>\n","protected":false},"author":1,"featured_media":10136,"comment_status":"closed","ping_status":"closed","sticky":false,"template":"","format":"standard","meta":{"footnotes":""},"categories":[1,3],"tags":[],"class_list":["post-10135","post","type-post","status-publish","format-standard","has-post-thumbnail","hentry","category-noticias","category-defensa-de-los-derechos-del-usuario-consumidor-contribuyentes"],"_links":{"self":[{"href":"https:\/\/defensoriaformosa.gob.ar\/index.php?rest_route=\/wp\/v2\/posts\/10135","targetHints":{"allow":["GET"]}}],"collection":[{"href":"https:\/\/defensoriaformosa.gob.ar\/index.php?rest_route=\/wp\/v2\/posts"}],"about":[{"href":"https:\/\/defensoriaformosa.gob.ar\/index.php?rest_route=\/wp\/v2\/types\/post"}],"author":[{"embeddable":true,"href":"https:\/\/defensoriaformosa.gob.ar\/index.php?rest_route=\/wp\/v2\/users\/1"}],"replies":[{"embeddable":true,"href":"https:\/\/defensoriaformosa.gob.ar\/index.php?rest_route=%2Fwp%2Fv2%2Fcomments&post=10135"}],"version-history":[{"count":1,"href":"https:\/\/defensoriaformosa.gob.ar\/index.php?rest_route=\/wp\/v2\/posts\/10135\/revisions"}],"predecessor-version":[{"id":10137,"href":"https:\/\/defensoriaformosa.gob.ar\/index.php?rest_route=\/wp\/v2\/posts\/10135\/revisions\/10137"}],"wp:featuredmedia":[{"embeddable":true,"href":"https:\/\/defensoriaformosa.gob.ar\/index.php?rest_route=\/wp\/v2\/media\/10136"}],"wp:attachment":[{"href":"https:\/\/defensoriaformosa.gob.ar\/index.php?rest_route=%2Fwp%2Fv2%2Fmedia&parent=10135"}],"wp:term":[{"taxonomy":"category","embeddable":true,"href":"https:\/\/defensoriaformosa.gob.ar\/index.php?rest_route=%2Fwp%2Fv2%2Fcategories&post=10135"},{"taxonomy":"post_tag","embeddable":true,"href":"https:\/\/defensoriaformosa.gob.ar\/index.php?rest_route=%2Fwp%2Fv2%2Ftags&post=10135"}],"curies":[{"name":"wp","href":"https:\/\/api.w.org\/{rel}","templated":true}]}}