{"id":10132,"date":"2020-01-17T14:46:34","date_gmt":"2020-01-17T17:46:34","guid":{"rendered":"http:\/\/2015.defensoriaformosa.gob.ar\/?p=10132"},"modified":"2020-01-17T14:46:34","modified_gmt":"2020-01-17T17:46:34","slug":"tras-demoras-informaron-a-la-defensoria-que-la-semana-proxima-se-hara-efectivo-el-cuna","status":"publish","type":"post","link":"https:\/\/defensoriaformosa.gob.ar\/?p=10132","title":{"rendered":"Tras demoras informaron a la Defensor\u00eda que la semana pr\u00f3xima se har\u00e1 efectivo el CUNA"},"content":{"rendered":"<p><strong>Durante toda esta semana, la Direcci\u00f3n de Asuntos Previsionales de la Defensor\u00eda del Pueblo recibi\u00f3 m\u00faltiples consultas de beneficiarios de la Cobertura Universal de Ni\u00f1ez y Adolescencia (CUNA), residentes tanto en esta capital como en el interior de la Provincia, quienes manifestaron que no percibieron sus ingresos correspondientes al corriente mes. Desde el Organismo de la Constituci\u00f3n, su Secretario Letrado, Jos\u00e9 Porfirio Garc\u00eda, manifest\u00f3 que, por instrucciones del Defensor del Pueblo, Jos\u00e9 Leonardo Gialluca, con la urgencia que el caso amerit\u00f3, se recab\u00f3 la informaci\u00f3n ante la entidad bancaria que efect\u00faa los pagos (Banco de Formosa S.A.) desde donde se comunic\u00f3 que el inconveniente est\u00e1 siendo subsanado y tiene su origen en el hecho de que, la Administraci\u00f3n Nacional de la Seguridad Social (ANSeS), remiti\u00f3 los fondos con el listado de los C\u00f3digos de Bancarios \u00danicos (CBU) que fueron dados de baja por el Banco de Formosa S.A. y no los vigentes a la fecha, por lo que los montos transferidos jam\u00e1s tuvieron ingreso en las respectivas cuentas. <\/strong><\/p>\n<p><!--more--><\/p>\n<p>El funcionario remarc\u00f3 que, desde la Defensor\u00eda, se remiti\u00f3 una instancia a la ANSeS a los efectos de que, \u201cen lo sucesivo\u201d, se adopten las medidas pertinentes para no incurrir en el error se\u00f1alado, dado que el beneficio previsional se otorga a familias cuya vulnerabilidad econ\u00f3mica no permite demoras en la percepci\u00f3n de sus ingresos pues los mismos, \u00edntegramente, es destinado a satisfacer sus necesidades b\u00e1sicas alimentarias, siendo dable destacar la gesti\u00f3n en el caso del Delegado del Defensor del Pueblo de la Naci\u00f3n, Dr. Julio N\u00e9stor Santander, en labor realizada por la Defensor\u00eda local, la cual atiende de lunes a viernes de 8 a 13 y de 18 a 20 horas, en la calle Padre Pati\u00f1o N\u00ba 831 de esta capital y la consulta puede hacerse desde cualquier punto de la Provincia a la l\u00ednea 3704436379 o por la WEB a denuncia@formosa.gov.ar.<\/p>\n","protected":false},"excerpt":{"rendered":"<p>Durante toda esta semana, la Direcci\u00f3n de Asuntos Previsionales de la Defensor\u00eda del Pueblo recibi\u00f3 m\u00faltiples consultas de beneficiarios de la Cobertura Universal de Ni\u00f1ez y Adolescencia (CUNA), residentes tanto en esta capital como en el interior de la Provincia, quienes manifestaron que no percibieron sus ingresos correspondientes al corriente mes. Desde el Organismo de [&hellip;]<\/p>\n","protected":false},"author":1,"featured_media":10133,"comment_status":"closed","ping_status":"closed","sticky":false,"template":"","format":"standard","meta":{"footnotes":""},"categories":[1,3],"tags":[],"class_list":["post-10132","post","type-post","status-publish","format-standard","has-post-thumbnail","hentry","category-noticias","category-defensa-de-los-derechos-del-usuario-consumidor-contribuyentes"],"_links":{"self":[{"href":"https:\/\/defensoriaformosa.gob.ar\/index.php?rest_route=\/wp\/v2\/posts\/10132","targetHints":{"allow":["GET"]}}],"collection":[{"href":"https:\/\/defensoriaformosa.gob.ar\/index.php?rest_route=\/wp\/v2\/posts"}],"about":[{"href":"https:\/\/defensoriaformosa.gob.ar\/index.php?rest_route=\/wp\/v2\/types\/post"}],"author":[{"embeddable":true,"href":"https:\/\/defensoriaformosa.gob.ar\/index.php?rest_route=\/wp\/v2\/users\/1"}],"replies":[{"embeddable":true,"href":"https:\/\/defensoriaformosa.gob.ar\/index.php?rest_route=%2Fwp%2Fv2%2Fcomments&post=10132"}],"version-history":[{"count":1,"href":"https:\/\/defensoriaformosa.gob.ar\/index.php?rest_route=\/wp\/v2\/posts\/10132\/revisions"}],"predecessor-version":[{"id":10134,"href":"https:\/\/defensoriaformosa.gob.ar\/index.php?rest_route=\/wp\/v2\/posts\/10132\/revisions\/10134"}],"wp:featuredmedia":[{"embeddable":true,"href":"https:\/\/defensoriaformosa.gob.ar\/index.php?rest_route=\/wp\/v2\/media\/10133"}],"wp:attachment":[{"href":"https:\/\/defensoriaformosa.gob.ar\/index.php?rest_route=%2Fwp%2Fv2%2Fmedia&parent=10132"}],"wp:term":[{"taxonomy":"category","embeddable":true,"href":"https:\/\/defensoriaformosa.gob.ar\/index.php?rest_route=%2Fwp%2Fv2%2Fcategories&post=10132"},{"taxonomy":"post_tag","embeddable":true,"href":"https:\/\/defensoriaformosa.gob.ar\/index.php?rest_route=%2Fwp%2Fv2%2Ftags&post=10132"}],"curies":[{"name":"wp","href":"https:\/\/api.w.org\/{rel}","templated":true}]}}