{"id":10120,"date":"2020-01-14T14:18:41","date_gmt":"2020-01-14T17:18:41","guid":{"rendered":"http:\/\/2015.defensoriaformosa.gob.ar\/?p=10120"},"modified":"2020-01-14T14:18:41","modified_gmt":"2020-01-14T17:18:41","slug":"la-defensoria-solicito-al-director-ejecutivo-de-la-anses-que-habilite-turnos-para-los-nuevos-creditos-ofrecidos","status":"publish","type":"post","link":"https:\/\/defensoriaformosa.gob.ar\/?p=10120","title":{"rendered":"LA DEFENSOR\u00cdA SOLICIT\u00d3 AL DIRECTOR EJECUTIVO DE LA ANSES QUE HABILITE TURNOS PARA LOS NUEVOS CR\u00c9DITOS OFRECIDOS"},"content":{"rendered":"<p><strong>Desde la -Direcci\u00f3n de Asuntos Previsionales, Discapacidad y Adultos Mayores- de la Defensor\u00eda del Pueblo de la Provincia, se curs\u00f3 una instancia al Director Ejecutivo de la Administraci\u00f3n Nacional de la Seguridad Social (ANSeS), Alejandro Vanoli, a los efectos de que \u201cse habiliten turnos para la Provincia de Formosa\u201d para el otorgamiento de los nuevos cr\u00e9ditos ofrecidos desde el Gobierno Nacional.<\/strong><\/p>\n<p><!--more--><br \/>\nEntre las medidas adoptadas para paliar la dif\u00edcil situaci\u00f3n de sectores social y econ\u00f3micamente vulnerables, desde la ANSeS informaron que quienes nunca hayan solicitado un cr\u00e9dito o ya lo hayan terminado de devolver podr\u00e1n acceder a uno con las nuevas tasas reducidas y quienes tengan cr\u00e9ditos vigentes deber\u00e1n esperar hasta abril 2020 para solicitar un nuevo cr\u00e9dito. El ofrecimiento est\u00e1 dirigido a jubilados y pensionados de ANSeS y la baja de las tasas dispuestas por el Gobierno Nacional, en su caso, fue de 42% a 31,5%, implicando una reducci\u00f3n de 10,5 puntos con relaci\u00f3n a las aplicadas por el gobierno anterior. Los requisitos para que un jubilado saque un cr\u00e9dito es que viva en el pa\u00eds y tenga menos de 90 a\u00f1os al momento de finalizar el pr\u00e9stamo. Los plazos son 24, 36 \u00f3 48 cuotas y sumados los seguros, el costo financiero total anual termina siendo de entre 37,59% (cr\u00e9ditos a dos a\u00f1os) y 39,49% (a cinco), mucho menor a la inflaci\u00f3n prevista para este a\u00f1o. Los montos van de 5.000 a 200.000 pesos y la cuota no puede exceder el 20% del ingreso mensual. El cr\u00e9dito se deposita en la cuenta bancaria -hay que llevar DNI y constancia de CBU- dentro de los 5 d\u00edas h\u00e1biles.<br \/>\nQuienes pueden acceder al beneficio que otorgar\u00e1 la ANSeS, que montos pueden obtener en concepto de cr\u00e9dito, en que forma van a pagarlo y que tasas de inter\u00e9s ser\u00e1n aplicadas, est\u00e1 perfectamente informado, remarc\u00f3 la Defensora del Pueblo Adjunta de la Provincia, Dra. Sylvina Portillo. Sin embargo, tenemos un inconveniente con la toma de las solicitudes, pues si bien el tr\u00e1mite es personal: previamente hay que sacar turno \u00fanicamente por sistema, es decir v\u00eda WEB y luego reci\u00e9n ir personalmente con los dem\u00e1s requisitos a los efectos de la concesi\u00f3n del cr\u00e9dito. Actualmente desde la Defensor\u00eda, subray\u00f3 la funcionaria, ni bien conocida la medida se han presentado varias personas a intentar conseguir un turno por los medios electr\u00f3nicos mediante el ingreso a la p\u00e1gina WEB de la ANSeS, obteni\u00e9ndose como \u00fanica respuesta un mensaje pregrabado que bloquea la pantalla y que dice \u201ccont\u00e1ctese en 24 hs\u201d. Lo que sit\u00faa a los interesados en la imposibilidad de obtener el cr\u00e9dito ofrecido, dado que ni siquiera puede acceder a un turno de atenci\u00f3n a tal fin. Es por ello que remitimos una instancia con car\u00e1cter de \u201cmuy urgente\u201d al Lic. Vanoli pues entendemos que s\u00f3lo desde la Direcci\u00f3n Ejecutiva de la ANSeS se podr\u00e1 ordenar que se regularice la situaci\u00f3n enunciada en orden a la puesta en funcionamiento del software de la ANSeS para que se haga efectiva la medida decretada por el Presidente de la Naci\u00f3n y tan esperada por un importante sector de la comunidad, quiz\u00e1s el m\u00e1s castigado por los a\u00f1os de gesti\u00f3n econ\u00f3mica anterior.-\u201d<\/p>\n","protected":false},"excerpt":{"rendered":"<p>Desde la -Direcci\u00f3n de Asuntos Previsionales, Discapacidad y Adultos Mayores- de la Defensor\u00eda del Pueblo de la Provincia, se curs\u00f3 una instancia al Director Ejecutivo de la Administraci\u00f3n Nacional de la Seguridad Social (ANSeS), Alejandro Vanoli, a los efectos de que \u201cse habiliten turnos para la Provincia de Formosa\u201d para el otorgamiento de los nuevos [&hellip;]<\/p>\n","protected":false},"author":1,"featured_media":10121,"comment_status":"closed","ping_status":"closed","sticky":false,"template":"","format":"standard","meta":{"footnotes":""},"categories":[1,3],"tags":[],"class_list":["post-10120","post","type-post","status-publish","format-standard","has-post-thumbnail","hentry","category-noticias","category-defensa-de-los-derechos-del-usuario-consumidor-contribuyentes"],"_links":{"self":[{"href":"https:\/\/defensoriaformosa.gob.ar\/index.php?rest_route=\/wp\/v2\/posts\/10120","targetHints":{"allow":["GET"]}}],"collection":[{"href":"https:\/\/defensoriaformosa.gob.ar\/index.php?rest_route=\/wp\/v2\/posts"}],"about":[{"href":"https:\/\/defensoriaformosa.gob.ar\/index.php?rest_route=\/wp\/v2\/types\/post"}],"author":[{"embeddable":true,"href":"https:\/\/defensoriaformosa.gob.ar\/index.php?rest_route=\/wp\/v2\/users\/1"}],"replies":[{"embeddable":true,"href":"https:\/\/defensoriaformosa.gob.ar\/index.php?rest_route=%2Fwp%2Fv2%2Fcomments&post=10120"}],"version-history":[{"count":1,"href":"https:\/\/defensoriaformosa.gob.ar\/index.php?rest_route=\/wp\/v2\/posts\/10120\/revisions"}],"predecessor-version":[{"id":10122,"href":"https:\/\/defensoriaformosa.gob.ar\/index.php?rest_route=\/wp\/v2\/posts\/10120\/revisions\/10122"}],"wp:featuredmedia":[{"embeddable":true,"href":"https:\/\/defensoriaformosa.gob.ar\/index.php?rest_route=\/wp\/v2\/media\/10121"}],"wp:attachment":[{"href":"https:\/\/defensoriaformosa.gob.ar\/index.php?rest_route=%2Fwp%2Fv2%2Fmedia&parent=10120"}],"wp:term":[{"taxonomy":"category","embeddable":true,"href":"https:\/\/defensoriaformosa.gob.ar\/index.php?rest_route=%2Fwp%2Fv2%2Fcategories&post=10120"},{"taxonomy":"post_tag","embeddable":true,"href":"https:\/\/defensoriaformosa.gob.ar\/index.php?rest_route=%2Fwp%2Fv2%2Ftags&post=10120"}],"curies":[{"name":"wp","href":"https:\/\/api.w.org\/{rel}","templated":true}]}}