{"id":10102,"date":"2020-01-08T17:23:49","date_gmt":"2020-01-08T20:23:49","guid":{"rendered":"http:\/\/2015.defensoriaformosa.gob.ar\/?p=10102"},"modified":"2020-01-08T17:23:49","modified_gmt":"2020-01-08T20:23:49","slug":"precios-cuidados","status":"publish","type":"post","link":"https:\/\/defensoriaformosa.gob.ar\/?p=10102","title":{"rendered":"\u201cPRECIOS CUIDADOS\u201d"},"content":{"rendered":"<p><strong>La Defensor\u00eda inform\u00f3 que se espera su implementaci\u00f3n para fines de esta semana o comienzos de la pr\u00f3xima.<\/strong><\/p>\n<p><!--more--><\/p>\n<p>Ante el anuncio realizado desde el Gobierno Nacional sobre el lanzamiento del Programa de Precios Cuidados con 310 productos, desde la -Direcci\u00f3n de Defensa del Consumidor, Usuario, Contribuyentes y Relaciones de Consumo &#8211; de la Defensor\u00eda del Pueblo de la Provincia de Formosa, a trav\u00e9s de su Cuerpo de Inspectores, fueron relevados distintos supermercados de esta Ciudad Capital, donde se pudo comprobar que, hasta ayer mi\u00e9rcoles, ninguno de ellos ten\u00eda implementado dicho Programa Nacional. As\u00ed, en las grandes cadenas de supermercados como Changomas (Walmart) sito en Av. Dr. Luis Gutnisky 3636, el encargo del local V\u00edctor Caballero inform\u00f3 que para fines de esta semana estar\u00edan aplicando el Programa exhibiendo adem\u00e1s un listado con los productos y precios alcanzados. Desde Carrefour, sito en Av. Dr. Luis Gutnisky 900, expresaron que a comienzos de la semana pr\u00f3xima har\u00edan lo propio, adelantando que, ante la posible ausencia de algunos productos de determinadas marcas, los mismos ser\u00edan reemplazados por otros, alternativos. A su turno, las cadenas locales relevadas tales como C\u00e1ceres, APA y Previsora del Paran\u00e1 o Super de la Gente, manifestaron a trav\u00e9s de sus encargados que, si bien a la fecha no implementan el Programa de Precios Cuidados, ello ser\u00eda factible pr\u00f3ximamente, dependiendo de la coordinaci\u00f3n de la Subsecretar\u00eda de Defensa del Usuario y Consumidor de la Provincia, a cargo del Lic. V\u00edctor Jos\u00e9 Romea, con quien adelantaron desde la Defensor\u00eda del Pueblo, se espera trabajar coordinadamente a tal fin.<br \/>\nPor otra parte, se observ\u00f3 que los comercios del medio, en general, actualmente ofrecen algunas ofertas, tales como galletitas saladas 2&#215;1, bebidas, envasados, pan dulce y gaseosas de 3 litros a precios m\u00e1s accesibles que en fechas anteriores, budines 2&#215;1, jugos en polvo 2&#215;1, entre otras mercader\u00edas. Finalmente, desde la Defensor\u00eda su Secretario Letrado remarc\u00f3 que, conforme a las instrucciones recibidas del Ombudsman Provincial, Jos\u00e9 Leonardo Gialluca, en esta etapa se trabajar\u00e1 a fin de dotar a los consumidores locales de la mayor informaci\u00f3n posible a los fines de coadyubar a la efectiva implementaci\u00f3n del Programa de Precios Cuidados en la Provincia, en defensa de los intereses econ\u00f3micos de los formose\u00f1os y a efectos de que se retrotraigan las abruptas remarcaciones realizadas entre fines del a\u00f1o pasado e inicios del presente, las que han impactado negativamente, generando una marcada merma en el consumo, situaci\u00f3n que esperamos se revierta con la efectiva ejecuci\u00f3n del citado Programa.-\u201d<\/p>\n","protected":false},"excerpt":{"rendered":"<p>La Defensor\u00eda inform\u00f3 que se espera su implementaci\u00f3n para fines de esta semana o comienzos de la pr\u00f3xima.<\/p>\n","protected":false},"author":1,"featured_media":10103,"comment_status":"closed","ping_status":"closed","sticky":false,"template":"","format":"standard","meta":{"footnotes":""},"categories":[1,3],"tags":[],"class_list":["post-10102","post","type-post","status-publish","format-standard","has-post-thumbnail","hentry","category-noticias","category-defensa-de-los-derechos-del-usuario-consumidor-contribuyentes"],"_links":{"self":[{"href":"https:\/\/defensoriaformosa.gob.ar\/index.php?rest_route=\/wp\/v2\/posts\/10102","targetHints":{"allow":["GET"]}}],"collection":[{"href":"https:\/\/defensoriaformosa.gob.ar\/index.php?rest_route=\/wp\/v2\/posts"}],"about":[{"href":"https:\/\/defensoriaformosa.gob.ar\/index.php?rest_route=\/wp\/v2\/types\/post"}],"author":[{"embeddable":true,"href":"https:\/\/defensoriaformosa.gob.ar\/index.php?rest_route=\/wp\/v2\/users\/1"}],"replies":[{"embeddable":true,"href":"https:\/\/defensoriaformosa.gob.ar\/index.php?rest_route=%2Fwp%2Fv2%2Fcomments&post=10102"}],"version-history":[{"count":1,"href":"https:\/\/defensoriaformosa.gob.ar\/index.php?rest_route=\/wp\/v2\/posts\/10102\/revisions"}],"predecessor-version":[{"id":10104,"href":"https:\/\/defensoriaformosa.gob.ar\/index.php?rest_route=\/wp\/v2\/posts\/10102\/revisions\/10104"}],"wp:featuredmedia":[{"embeddable":true,"href":"https:\/\/defensoriaformosa.gob.ar\/index.php?rest_route=\/wp\/v2\/media\/10103"}],"wp:attachment":[{"href":"https:\/\/defensoriaformosa.gob.ar\/index.php?rest_route=%2Fwp%2Fv2%2Fmedia&parent=10102"}],"wp:term":[{"taxonomy":"category","embeddable":true,"href":"https:\/\/defensoriaformosa.gob.ar\/index.php?rest_route=%2Fwp%2Fv2%2Fcategories&post=10102"},{"taxonomy":"post_tag","embeddable":true,"href":"https:\/\/defensoriaformosa.gob.ar\/index.php?rest_route=%2Fwp%2Fv2%2Ftags&post=10102"}],"curies":[{"name":"wp","href":"https:\/\/api.w.org\/{rel}","templated":true}]}}