{"id":10098,"date":"2020-01-07T14:38:58","date_gmt":"2020-01-07T17:38:58","guid":{"rendered":"http:\/\/2015.defensoriaformosa.gob.ar\/?p=10098"},"modified":"2020-01-07T16:57:24","modified_gmt":"2020-01-07T19:57:24","slug":"ntiman-a-anses-a-que-urgentemente-deposite-la-segunda-cuota-del-bono-a-beneficiarios-excluidos-por-error","status":"publish","type":"post","link":"https:\/\/defensoriaformosa.gob.ar\/?p=10098","title":{"rendered":"INTIMAN A ANSES A QUE URGENTEMENTE DEPOSITE LA SEGUNDA CUOTA DEL BONO A BENEFICIARIOS EXCLUIDOS POR ERROR"},"content":{"rendered":"<p><strong>-Una nueva equivocaci\u00f3n, esta vez de la ANSeS en la estimaci\u00f3n del monto de los ingresos de los titulares de beneficios sociales perjudic\u00f3 a miles de formose\u00f1os, priv\u00e1ndolos del cobro total o parcial de la segunda cuota del bono extraordinario previsto por el Gobierno Nacional motivando la intervenci\u00f3n de la Defensor\u00eda del Pueblo-<\/strong><\/p>\n<p><!--more--><br \/>\nLuego de los reclamos de los beneficiarios de asignaciones sociales liquidadas por la Administraci\u00f3n Nacional de la Seguridad Social (ANSeS), quienes han denunciado ante la Defensor\u00eda del Pueblo de la Provincia, que las entidades bancarias, en contra de lo normativamente previsto y por diversas razones, les efectuaron descuentos sobre la primera cuota del Bono Extraordinario otorgado por el Decreto 73\/19, suscripto por el Presidente, Dr. Alberto Fern\u00e1ndez. Al respecto la Defensora del Pueblo Adjunta, Dra. Sylvina Portillo adelant\u00f3 que ha sido dispar la respuesta, pues mientras el Banco de Formosa S.A. adelant\u00f3 extraoficialmente a la Defensor\u00eda que devolver\u00e1 lo descontado en caso de corresponder, el Banco Naci\u00f3n, no fij\u00f3 postura alguna a la fecha, por lo que desde la Defensor\u00eda se analizan acciones administrativas y judiciales. Ahora se suma otro yerro, esta vez de la ANSeS, priva por completo o parcialmente de la segunda cuota del citado bono, en virtud de la mala estimaci\u00f3n de los ingresos de los beneficiarios. A la fecha ya deber\u00eda haber estado depositado el bono para todos los titulares con haberes \u00fanicos e inferiores a $19.068. Lo que realmente sucedi\u00f3 es que un sinn\u00famero de ellos \u201cno recibi\u00f3 monto alguno\u201d dado que, para calcular si le correspond\u00eda o no el beneficio, no se tom\u00f3 en consideraci\u00f3n la cuant\u00eda de los respectivos salarios, sino el resultante de la suma de sueldo y aguinaldo. Con lo cual, por ejemplo, una persona a la que claramente le correspond\u00eda percibir el bono extraordinario, pues sus ingresos mensuales son de $ 14.300, no recibi\u00f3 nada, pues la ANSeS consider\u00f3 que cobra $ 21.450, valor que obtuvo de sumar los $ 14.300 del sueldo con m\u00e1s los $ 7.150 de aguinaldo, operaci\u00f3n que no procede pues el Decreto 73\/19, aparte de determinar que el bono extraordinario debe llegar sin excepci\u00f3n a todos los beneficiarios que se encuentren en condiciones de acceder al mismo, solo habla de ingresos mensuales como base para la concesi\u00f3n del beneficio. Asimismo hay otros afectados que recibieron menos de lo que le corresponde pues la suma del sueldo y aguinaldo se acercaba a los $ 19.068, cuando en realidad sus salarios de base son muy inferiores. Es por ello que la Defensor\u00eda del Pueblo puso en conocimiento de la situaci\u00f3n descripta a la UDAI Formosa de la ANSeS e \u201cintim\u00f3\u201d al Director Ejecutivo de la ANSeS, Lic. Alejandro Vanoli a que en plazo perentorio se proceda a liquidar y acreditar en las cuentas de los damnificados la segunda cuota del Bono Extraordinario, dado que el citado beneficio re\u00fane el car\u00e1cter de \u201calimentario\u201d para los afectados y los mismos, en la generalidad de los casos, no puede esperar los plazos comunes para que les sea abonada la diferencia err\u00f3neamente no liquidada. Todo bajo apercibimiento de iniciar las acciones administrativas y judiciales en defensa de los derechos de los miles de formose\u00f1os que fueron perjudicados.-<\/p>\n","protected":false},"excerpt":{"rendered":"<p>-Una nueva equivocaci\u00f3n, esta vez de la ANSeS en la estimaci\u00f3n del monto de los ingresos de los titulares de beneficios sociales perjudic\u00f3 a miles de formose\u00f1os, priv\u00e1ndolos del cobro total o parcial de la segunda cuota del bono extraordinario previsto por el Gobierno Nacional motivando la intervenci\u00f3n de la Defensor\u00eda del Pueblo-<\/p>\n","protected":false},"author":1,"featured_media":10099,"comment_status":"closed","ping_status":"closed","sticky":false,"template":"","format":"standard","meta":{"footnotes":""},"categories":[1],"tags":[],"class_list":["post-10098","post","type-post","status-publish","format-standard","has-post-thumbnail","hentry","category-noticias"],"_links":{"self":[{"href":"https:\/\/defensoriaformosa.gob.ar\/index.php?rest_route=\/wp\/v2\/posts\/10098","targetHints":{"allow":["GET"]}}],"collection":[{"href":"https:\/\/defensoriaformosa.gob.ar\/index.php?rest_route=\/wp\/v2\/posts"}],"about":[{"href":"https:\/\/defensoriaformosa.gob.ar\/index.php?rest_route=\/wp\/v2\/types\/post"}],"author":[{"embeddable":true,"href":"https:\/\/defensoriaformosa.gob.ar\/index.php?rest_route=\/wp\/v2\/users\/1"}],"replies":[{"embeddable":true,"href":"https:\/\/defensoriaformosa.gob.ar\/index.php?rest_route=%2Fwp%2Fv2%2Fcomments&post=10098"}],"version-history":[{"count":2,"href":"https:\/\/defensoriaformosa.gob.ar\/index.php?rest_route=\/wp\/v2\/posts\/10098\/revisions"}],"predecessor-version":[{"id":10101,"href":"https:\/\/defensoriaformosa.gob.ar\/index.php?rest_route=\/wp\/v2\/posts\/10098\/revisions\/10101"}],"wp:featuredmedia":[{"embeddable":true,"href":"https:\/\/defensoriaformosa.gob.ar\/index.php?rest_route=\/wp\/v2\/media\/10099"}],"wp:attachment":[{"href":"https:\/\/defensoriaformosa.gob.ar\/index.php?rest_route=%2Fwp%2Fv2%2Fmedia&parent=10098"}],"wp:term":[{"taxonomy":"category","embeddable":true,"href":"https:\/\/defensoriaformosa.gob.ar\/index.php?rest_route=%2Fwp%2Fv2%2Fcategories&post=10098"},{"taxonomy":"post_tag","embeddable":true,"href":"https:\/\/defensoriaformosa.gob.ar\/index.php?rest_route=%2Fwp%2Fv2%2Ftags&post=10098"}],"curies":[{"name":"wp","href":"https:\/\/api.w.org\/{rel}","templated":true}]}}