{"id":10094,"date":"2020-01-06T13:50:52","date_gmt":"2020-01-06T16:50:52","guid":{"rendered":"http:\/\/2015.defensoriaformosa.gob.ar\/?p=10094"},"modified":"2020-01-06T13:50:52","modified_gmt":"2020-01-06T16:50:52","slug":"la-defensoria-solicito-que-se-incluyan-productos-formosenos-en-el-programa-nacional-de-precios-cuidados","status":"publish","type":"post","link":"https:\/\/defensoriaformosa.gob.ar\/?p=10094","title":{"rendered":"LA DEFENSOR\u00cdA SOLICIT\u00d3 QUE SE INCLUYAN PRODUCTOS FORMOSE\u00d1OS EN EL \u201cPROGRAMA NACIONAL DE PRECIOS CUIDADOS\u201d"},"content":{"rendered":"<p><strong>La Defensor\u00eda del Pueblo de la Provincia, por intermedio de su Direcci\u00f3n de Defensa de los Usuarios, Consumidores, Contribuyentes y Relaciones de Consumo, solicit\u00f3 al Ministerio de Desarrollo Productivo a cargo del Dr. Mat\u00edas Sebasti\u00e1n Kulfas para que a trav\u00e9s de la Secretaria de Comercio Interior de la Naci\u00f3n cuya Titular es la Lic. Paula Espa\u00f1ol, que los productos formose\u00f1os sean incluidos en el listado del Programa Nacional de \u201cPrecios Cuidados\u201d.<\/strong><\/p>\n<p><!--more--><\/p>\n<p>Desde el Organismo de la Constituci\u00f3n recordaron que el citado programa, originariamente, fue creado como una herramienta para contener los aumentos desmedidos en los productos de la canasta b\u00e1sica familiar, con la consecuente inflaci\u00f3n que ello genera. La participaci\u00f3n de las empresas involucradas ha sido y sigue siendo voluntaria, as\u00ed como la estimaci\u00f3n de los precios es consensuada. La medida tiene por fin, a m\u00e1s de dar certeza a los consumidores del costo de los productos, que la oferta se mantenga en el tiempo, generando estabilidad y seguridad econ\u00f3mica. Por otra parte, es innegable que tambi\u00e9n los sectores econ\u00f3mico-productivos se benefician, pues el c\u00famulo de consumidores se vuelca a la adquisici\u00f3n de insumos incluidos dentro del Programa, el cual se relanza en este 2020 con m\u00e1s de 300 productos, el regreso de primeras marcas, enfoc\u00e1ndose a mercader\u00edas de primera necesidad y apuntando a que accedan a las mismas los sectores econ\u00f3micamente m\u00e1s carenciados de la sociedad. A este respecto, desde la Defensor\u00eda del Pueblo, los Funcionarios expresaron: \u201csabemos que la inclusi\u00f3n de productos formose\u00f1os al Programa de Precios Cuidados no se har\u00e1 de la noche a la ma\u00f1ana. Es preciso que el Gobierno Nacional ajuste determinadas pautas econ\u00f3mico-financieras y burocr\u00e1ticas estatales. Siendo un punto de partida el completo y prolijo trabajo que viene realizando el Estado Provincial, mediante la implementaci\u00f3n del Programa Precios Sostenidos, las Ferias Barriales y los Bolsones Saludables que tanto han acompa\u00f1ado a los formose\u00f1os, fundamentalmente desde mediados de 2018 a la fecha dada la recesi\u00f3n econ\u00f3mica con marcada inflaci\u00f3n en el citado periodo, consecuencia de la gesti\u00f3n nacional saliente. La propuesta de la Defensor\u00eda, subray\u00f3 la funcionaria, es que se comience a trabajar con miras a que en un momento los productos b\u00e1sicos, semielaborados y elaborados que se producen en la Provincia se inserten \u00edntegramente en el \u201cPrograma Nacional de Precios Cuidados\u201d cuya implementaci\u00f3n sabemos que se realiza en etapas. Primeramente con productores primarios e industriales, para finalmente bajar a los supermercados. Planteamos que mediante el nexo entre las autoridades provinciales y las nacionales se recree el escenario en el \u00e1mbito productivo provincial y, de tal manera, en alg\u00fan momento los formose\u00f1os podamos disponer de una gama de productos de origen local a los mejores precios. Lo que significar\u00eda a la par de un beneficio econ\u00f3mico para los consumidores, un impulso a la actividad productiva local.-<\/p>\n","protected":false},"excerpt":{"rendered":"<p>La Defensor\u00eda del Pueblo de la Provincia, por intermedio de su Direcci\u00f3n de Defensa de los Usuarios, Consumidores, Contribuyentes y Relaciones de Consumo, solicit\u00f3 al Ministerio de Desarrollo Productivo a cargo del Dr. Mat\u00edas Sebasti\u00e1n Kulfas para que a trav\u00e9s de la Secretaria de Comercio Interior de la Naci\u00f3n cuya Titular es la Lic. Paula [&hellip;]<\/p>\n","protected":false},"author":1,"featured_media":10095,"comment_status":"closed","ping_status":"closed","sticky":false,"template":"","format":"standard","meta":{"footnotes":""},"categories":[1,3],"tags":[],"class_list":["post-10094","post","type-post","status-publish","format-standard","has-post-thumbnail","hentry","category-noticias","category-defensa-de-los-derechos-del-usuario-consumidor-contribuyentes"],"_links":{"self":[{"href":"https:\/\/defensoriaformosa.gob.ar\/index.php?rest_route=\/wp\/v2\/posts\/10094","targetHints":{"allow":["GET"]}}],"collection":[{"href":"https:\/\/defensoriaformosa.gob.ar\/index.php?rest_route=\/wp\/v2\/posts"}],"about":[{"href":"https:\/\/defensoriaformosa.gob.ar\/index.php?rest_route=\/wp\/v2\/types\/post"}],"author":[{"embeddable":true,"href":"https:\/\/defensoriaformosa.gob.ar\/index.php?rest_route=\/wp\/v2\/users\/1"}],"replies":[{"embeddable":true,"href":"https:\/\/defensoriaformosa.gob.ar\/index.php?rest_route=%2Fwp%2Fv2%2Fcomments&post=10094"}],"version-history":[{"count":1,"href":"https:\/\/defensoriaformosa.gob.ar\/index.php?rest_route=\/wp\/v2\/posts\/10094\/revisions"}],"predecessor-version":[{"id":10096,"href":"https:\/\/defensoriaformosa.gob.ar\/index.php?rest_route=\/wp\/v2\/posts\/10094\/revisions\/10096"}],"wp:featuredmedia":[{"embeddable":true,"href":"https:\/\/defensoriaformosa.gob.ar\/index.php?rest_route=\/wp\/v2\/media\/10095"}],"wp:attachment":[{"href":"https:\/\/defensoriaformosa.gob.ar\/index.php?rest_route=%2Fwp%2Fv2%2Fmedia&parent=10094"}],"wp:term":[{"taxonomy":"category","embeddable":true,"href":"https:\/\/defensoriaformosa.gob.ar\/index.php?rest_route=%2Fwp%2Fv2%2Fcategories&post=10094"},{"taxonomy":"post_tag","embeddable":true,"href":"https:\/\/defensoriaformosa.gob.ar\/index.php?rest_route=%2Fwp%2Fv2%2Ftags&post=10094"}],"curies":[{"name":"wp","href":"https:\/\/api.w.org\/{rel}","templated":true}]}}