{"id":10085,"date":"2020-01-01T19:51:23","date_gmt":"2020-01-01T22:51:23","guid":{"rendered":"http:\/\/2015.defensoriaformosa.gob.ar\/?p=10085"},"modified":"2020-01-01T19:51:23","modified_gmt":"2020-01-01T22:51:23","slug":"confirmo-la-defensoria-del-pueblo-que-los-medicamentos-en-las-farmacias-locales-se-estan-vendiendo-con-la-rebaja-del-8-acordado-y-los-precios-se-encuentran-congelados-hasta-el-31-de-enero","status":"publish","type":"post","link":"https:\/\/defensoriaformosa.gob.ar\/?p=10085","title":{"rendered":"CONFIRMO LA DEFENSORIA DEL PUEBLO QUE LOS MEDICAMENTOS EN LAS FARMACIAS LOCALES SE ESTAN VENDIENDO CON LA REBAJA DEL 8% ACORDADO Y LOS PRECIOS SE ENCUENTRAN CONGELADOS HASTA EL 31 DE ENERO"},"content":{"rendered":"<p><strong>Desde la -Direcci\u00f3n de Salud y Vivienda- de la Defensor\u00eda del Pueblo de la Provincia de Formosa, luego del anuncio del Gobierno Nacional de Alberto Fern\u00e1ndez, relacionado con la baja de un 8% en el precio de los medicamentos, que fue Acordado con los Representantes de los laboratorios y de la industria farmac\u00e9utica en medio de la grave crisis econ\u00f3mica que golpea al pa\u00eds y en la cual intervinieron por parte del Estado Nacional, el Ministro de Salud a cargo del Dr. Gin\u00e9s Gonz\u00e1lez Garc\u00eda, y los presidentes de las tres C\u00e1maras del Sector Cilfa, Caeme y Cooperala, que agrupan a los laboratorios nacionales, extranjeros y cooperativos \u201cconvini\u00e9ndose una rebaja lineal que alcanza al 65% del universo de los medicamentos y no incluye por ejemplo, a aquellos que est\u00e1n dentro de convenios como el PAMI o el IOMA (Obra Social de los Empleados P\u00fablicos de la Provincia de Buenos Aires) que tienen valores especiales que, en el caso de la obra social de los jubilados y pensionados son del 30% m\u00e1s bajos y en consecuencia, tambi\u00e9n se dispuso el congelamiento de los precios en los medicamentos hasta el 31 de enero. <\/strong><\/p>\n<p><!--more--><\/p>\n<p>El Centro de Profesionales Farmac\u00e9uticos Argentinos (Ceprofar) inform\u00f3 esta semana que se est\u00e1 cumpliendo en todo el pa\u00eds el Acuerdo firmado con el Gobierno Nacional para la baja del 8% en el precio de los medicamentos. Desde la entidad resaltaron que, de los 19.000 medicamentos disponibles, ya m\u00e1s de dos tercios bajaron su precio. As\u00ed, han bajado su precio los medicamentos para enfermedades cr\u00f3nicas: diabetes, hipertensi\u00f3n, control del colesterol, oftalmolog\u00eda; y tambi\u00e9n para los medicamentos recetados en general: analg\u00e9sicos, ansiol\u00edticos, antibi\u00f3ticos, entre otros. El Ombudsman Provincial Dr. Jos\u00e9 Leonardo Gialluca, se\u00f1al\u00f3 que las rebajas se aplican para la venta al p\u00fablico, a pacientes particulares, y tambi\u00e9n para obras sociales y prepagas, se aclar\u00f3 adem\u00e1s que no se incluy\u00f3 en este Acuerdo los medicamentos otorgados por PAMI, por tener una condici\u00f3n especial para el afiliado y por \u00faltimo, a ra\u00edz de esta medida, se compensar\u00e1 a las farmacias por un monto aproximado de $ 285 millones por haber comprado los medicamentos a un precio m\u00e1s alto y tener que venderlos a un precio menor. Desde el Organismo de la Constituci\u00f3n, se resalt\u00f3 como altamente positiva esta medida adoptada desde el Gobierno Nacional ya que los diez medicamentos de venta bajo receta m\u00e1s usados en Argentina, tomados como par\u00e1metro y que est\u00e1n entre los considerados esenciales, hab\u00edan aumentado un 111% promedio durante 2019, lo que los hab\u00eda convertido en inalcanzables para los consumidores. Del relevamiento llevado a cabo por Inspectores de la Defensor\u00eda del Pueblo, se pudo determinar que las farmacias de la cadena San Luis, Farmacity, Ferreira, Recalde entre otras, \u201cmostraron mediante la documentaci\u00f3n correspondiente que est\u00e1n vendiendo los medicamentos un 8% m\u00e1s bajos en sus valores y esto fue f\u00e1cil de confirmar, ya que el precio de los mismos son operados -online- y las farmacias reciben el valor de los medicamentos con el 8% de rebaja e informaron que esta deducci\u00f3n, comenz\u00f3 aplicarse a las pocas horas de haberse alcanzado el Acuerdo antes citado.<\/p>\n","protected":false},"excerpt":{"rendered":"<p>Desde la -Direcci\u00f3n de Salud y Vivienda- de la Defensor\u00eda del Pueblo de la Provincia de Formosa, luego del anuncio del Gobierno Nacional de Alberto Fern\u00e1ndez, relacionado con la baja de un 8% en el precio de los medicamentos, que fue Acordado con los Representantes de los laboratorios y de la industria farmac\u00e9utica en medio [&hellip;]<\/p>\n","protected":false},"author":1,"featured_media":10087,"comment_status":"closed","ping_status":"closed","sticky":false,"template":"","format":"standard","meta":{"footnotes":""},"categories":[1,3],"tags":[],"class_list":["post-10085","post","type-post","status-publish","format-standard","has-post-thumbnail","hentry","category-noticias","category-defensa-de-los-derechos-del-usuario-consumidor-contribuyentes"],"_links":{"self":[{"href":"https:\/\/defensoriaformosa.gob.ar\/index.php?rest_route=\/wp\/v2\/posts\/10085","targetHints":{"allow":["GET"]}}],"collection":[{"href":"https:\/\/defensoriaformosa.gob.ar\/index.php?rest_route=\/wp\/v2\/posts"}],"about":[{"href":"https:\/\/defensoriaformosa.gob.ar\/index.php?rest_route=\/wp\/v2\/types\/post"}],"author":[{"embeddable":true,"href":"https:\/\/defensoriaformosa.gob.ar\/index.php?rest_route=\/wp\/v2\/users\/1"}],"replies":[{"embeddable":true,"href":"https:\/\/defensoriaformosa.gob.ar\/index.php?rest_route=%2Fwp%2Fv2%2Fcomments&post=10085"}],"version-history":[{"count":1,"href":"https:\/\/defensoriaformosa.gob.ar\/index.php?rest_route=\/wp\/v2\/posts\/10085\/revisions"}],"predecessor-version":[{"id":10088,"href":"https:\/\/defensoriaformosa.gob.ar\/index.php?rest_route=\/wp\/v2\/posts\/10085\/revisions\/10088"}],"wp:featuredmedia":[{"embeddable":true,"href":"https:\/\/defensoriaformosa.gob.ar\/index.php?rest_route=\/wp\/v2\/media\/10087"}],"wp:attachment":[{"href":"https:\/\/defensoriaformosa.gob.ar\/index.php?rest_route=%2Fwp%2Fv2%2Fmedia&parent=10085"}],"wp:term":[{"taxonomy":"category","embeddable":true,"href":"https:\/\/defensoriaformosa.gob.ar\/index.php?rest_route=%2Fwp%2Fv2%2Fcategories&post=10085"},{"taxonomy":"post_tag","embeddable":true,"href":"https:\/\/defensoriaformosa.gob.ar\/index.php?rest_route=%2Fwp%2Fv2%2Ftags&post=10085"}],"curies":[{"name":"wp","href":"https:\/\/api.w.org\/{rel}","templated":true}]}}