{"id":10079,"date":"2020-01-01T19:46:33","date_gmt":"2020-01-01T22:46:33","guid":{"rendered":"http:\/\/2015.defensoriaformosa.gob.ar\/?p=10079"},"modified":"2020-01-01T19:46:33","modified_gmt":"2020-01-01T22:46:33","slug":"se-formo-el-capitulo-regional-del-norte-grande-argentino-conformado-por-todas-las-defensorias-del-nea-y-noa","status":"publish","type":"post","link":"https:\/\/defensoriaformosa.gob.ar\/?p=10079","title":{"rendered":"SE FORMO EL CAPITULO REGIONAL DEL NORTE GRANDE ARGENTINO CONFORMADO POR TODAS LAS DEFENSORIAS DEL NEA Y NOA"},"content":{"rendered":"<p><strong>Se llev\u00f3 a cabo en la Ciudad de Posadas Provincia de Misiones, una reuni\u00f3n de Defensores del Pueblo de las Provincias del NEA y NOA -Norte Grande-, todos integrantes de la Asociaci\u00f3n de Defensores del Pueblo de la Rep\u00fablica Argentina (A.D.P.R.A.), ocasi\u00f3n en la cual se constituy\u00f3 el, -Cap\u00edtulo Regional del Norte Grande Argentino- que tendr\u00e1 el objetivo de asistencia y cooperaci\u00f3n mutua entre las partes para el cumplimiento de la misi\u00f3n en la defensa de todos los usuarios y consumidores, especialmente de los sectores m\u00e1s vulnerables que viven en cada una de las Jurisdicciones comprendidas.<\/strong><\/p>\n<p><!--more--><br \/>\nEn dicha oportunidad, se suscribieron una serie de documentos entre los que sobresalen, aquellos en los que las partes dejaron sentado el desaf\u00edo de encontrar caminos m\u00e1s cortos y seguros para consagrar derechos como el acceso al agua potable, obras de transporte p\u00fablico, tarifas el\u00e9ctricas con valores diferenciados, tanto para los usuarios residenciales como para las PyMEs del Norte Grande que en los \u00faltimos cuatro a\u00f1os por los alt\u00edsimos incrementos en el valor de las mismas, o cerraron o dejaron de ser competitivas y para lo cual plantearemos formalmente al nuevo Gobierno Nacional y al Congreso de la Naci\u00f3n, \u201cque se prioricen las obras p\u00fablicas junto a los servicios p\u00fablicos que en las provincias del Norte fueron olvidadas por el Gobierno de Mauricio Macri, practic\u00e1ndose un real y verdadero federalismo, de modo tal que no solamente C.A.B.A. y C\u00f3rdoba o las Provincias del Centro del Pa\u00eds se lleven todas las obras en el Presupuesto Nacional 2020 y que nuestros servicios p\u00fablicos no tengan la expansi\u00f3n y calidad que hoy poseen en las Jurisdicciones antes citadas\u201d. Por la Defensor\u00eda del Pueblo de la Provincia de Formosa, asisti\u00f3 el Dr. Fernando Sosa conjuntamente con el Delegado de la Defensor\u00eda del Pueblo de la Naci\u00f3n en nuestra ciudad Dr. Julio Santander, quienes recordaron que la Regi\u00f3n NEA \/ NOA es la zona con m\u00e1s derechos negados en la historia de la Rep\u00fablica Argentina y por ello junto a todos los otros Representantes de los distintos Organismos de la Constituci\u00f3n de cada provincia, propusieron que de ahora en adelante tenemos una gran tarea como Cap\u00edtulo Regional dentro de ADPRA y obviamente a favor siempre de cada uno de nuestros pueblos, fij\u00e1ndose el pr\u00f3ximo encuentro en la Ciudad de San Salvador de Jujuy para el 28 de febrero del 2020.<\/p>\n","protected":false},"excerpt":{"rendered":"<p>Se llev\u00f3 a cabo en la Ciudad de Posadas Provincia de Misiones, una reuni\u00f3n de Defensores del Pueblo de las Provincias del NEA y NOA -Norte Grande-, todos integrantes de la Asociaci\u00f3n de Defensores del Pueblo de la Rep\u00fablica Argentina (A.D.P.R.A.), ocasi\u00f3n en la cual se constituy\u00f3 el, -Cap\u00edtulo Regional del Norte Grande Argentino- que [&hellip;]<\/p>\n","protected":false},"author":1,"featured_media":10080,"comment_status":"closed","ping_status":"closed","sticky":false,"template":"","format":"standard","meta":{"footnotes":""},"categories":[1],"tags":[],"class_list":["post-10079","post","type-post","status-publish","format-standard","has-post-thumbnail","hentry","category-noticias"],"_links":{"self":[{"href":"https:\/\/defensoriaformosa.gob.ar\/index.php?rest_route=\/wp\/v2\/posts\/10079","targetHints":{"allow":["GET"]}}],"collection":[{"href":"https:\/\/defensoriaformosa.gob.ar\/index.php?rest_route=\/wp\/v2\/posts"}],"about":[{"href":"https:\/\/defensoriaformosa.gob.ar\/index.php?rest_route=\/wp\/v2\/types\/post"}],"author":[{"embeddable":true,"href":"https:\/\/defensoriaformosa.gob.ar\/index.php?rest_route=\/wp\/v2\/users\/1"}],"replies":[{"embeddable":true,"href":"https:\/\/defensoriaformosa.gob.ar\/index.php?rest_route=%2Fwp%2Fv2%2Fcomments&post=10079"}],"version-history":[{"count":1,"href":"https:\/\/defensoriaformosa.gob.ar\/index.php?rest_route=\/wp\/v2\/posts\/10079\/revisions"}],"predecessor-version":[{"id":10081,"href":"https:\/\/defensoriaformosa.gob.ar\/index.php?rest_route=\/wp\/v2\/posts\/10079\/revisions\/10081"}],"wp:featuredmedia":[{"embeddable":true,"href":"https:\/\/defensoriaformosa.gob.ar\/index.php?rest_route=\/wp\/v2\/media\/10080"}],"wp:attachment":[{"href":"https:\/\/defensoriaformosa.gob.ar\/index.php?rest_route=%2Fwp%2Fv2%2Fmedia&parent=10079"}],"wp:term":[{"taxonomy":"category","embeddable":true,"href":"https:\/\/defensoriaformosa.gob.ar\/index.php?rest_route=%2Fwp%2Fv2%2Fcategories&post=10079"},{"taxonomy":"post_tag","embeddable":true,"href":"https:\/\/defensoriaformosa.gob.ar\/index.php?rest_route=%2Fwp%2Fv2%2Ftags&post=10079"}],"curies":[{"name":"wp","href":"https:\/\/api.w.org\/{rel}","templated":true}]}}