{"id":10045,"date":"2019-12-23T18:13:28","date_gmt":"2019-12-23T21:13:28","guid":{"rendered":"http:\/\/2015.defensoriaformosa.gob.ar\/?p=10045"},"modified":"2019-12-23T21:35:40","modified_gmt":"2019-12-24T00:35:40","slug":"10045-2","status":"publish","type":"post","link":"https:\/\/defensoriaformosa.gob.ar\/?p=10045","title":{"rendered":"DENUNCIO LA DEFENSOR\u00cdA QUE SUPERMERCADOS E HIPERMERCADOS DE FORMOSA REMARCARON ABUSIVAMENTE ALIMENTOS Y BEBIDAS"},"content":{"rendered":"<p><strong>Pediremos urgentemente intervenci\u00f3n de la Secretar\u00eda de Comercio, de la CNDC para investigar las relaciones entre fabricantes, proveedores y supermercadistas.<\/strong><\/p>\n<p><!--more--><\/p>\n<p>Afirmaron desde la Direcci\u00f3n de Consumidores y Usuarios, de la Defensor\u00eda del Pueblo de la Provincia, junto al Representante de la Defensor\u00eda del Pueblo de Naci\u00f3n en Formosa Dr. Julio N\u00e9stor Santander, que desde los \u00faltimos meses a la fecha las provincias del NEA, tienen la inflaci\u00f3n m\u00e1s alta a nivel nacional. En el caso del mercado formose\u00f1o, los supermercados, hipermercados, carnicer\u00edas, lugares de venta de quesos y l\u00e1cteos en general, \u00bb han remarcado en estos \u00faltimos d\u00edas sus productos entre un 15 % y existen casos de bienes que han aumentado hasta m\u00e1s de un 25 % \u00ab. Desde el Organismo de la Constituci\u00f3n, se Inst\u00f3 a los supermercadistas a que \u00bb revisen los aumentos y remarcaciones de precios en alimentos b\u00e1sicos, l\u00e1cteos, c\u00e1rnicos, productos de higiene personal y bebidas que se dieron en estos \u00faltimos d\u00edas, justo o casualidad, en consonancia con los anuncios de pago del aguinaldo por parte del Estado Provincial y de los Municipales y tambi\u00e9n de los pr\u00f3ximos salarios; es aqu\u00ed donde nuestro ultra concentrado mercado local, totalmente cartelizado, sin competencia alguna, a trav\u00e9s de sus Responsables o Due\u00f1os, ordenaron \u00bb salir a esquilmar los bolsillos del Pueblo Formose\u00f1o \u00ab. Lo mismo tambi\u00e9n sucede con los medicamentos y la \u00fanica respuesta que tenemos los consumidores es que,\u00bb estos sectores no tienen m\u00e1rgenes para negociar \u201c. Gialluca, dijo que est\u00e1 es otra mentira m\u00e1s y afirmo que los sectores antes citados,\u00bb tienen que salir de sus cuevas para entender que m\u00e1s del 60 % de la poblaci\u00f3n en Argentina gana menos de 20 mil pesos y que 8 de cada 10 hogares no pueden cubrir la Canasta B\u00e1sica y llegar a fin de mes\u00bb. Todas las subas de alimentos y bebidas en Formosa, no se condice con lo que ocurre en otras regiones del pa\u00eds. Aqu\u00ed se est\u00e1 dando una gran especulaci\u00f3n, y los consumidores tenemos que comprar lo indispensable y saber d\u00f3nde ir a dejar nuestro dinero, comparar y declararle la guerra a todos los que quieren continuar saqueando nuestros bolsillos, que son los mismos que despu\u00e9s se quejan cuando por cambios de vientos econ\u00f3micos, la gente se va a otros lugares a gastar su dinero porque encuentra precios mejores y razonables. El Ombudsman Provincial, se\u00f1al\u00f3 que pediremos al Gobierno Nacional de Alberto Fern\u00e1ndez para que ordene \u00bb investigar y el Estado est\u00e9 presente en las relaciones incestuosas entre fabricantes, proveedores y supermercados \u00ab. Las irregularidades son p\u00fablicas y notorias, aqu\u00ed no existe justificaci\u00f3n de mayores costos de fletes, de incrementos de servicios o sueldos, publicidad o costos de log\u00edsticas, la realidad es que la falta de acompa\u00f1amiento y de empat\u00eda para con los que menos tienen har\u00e1 mucho m\u00e1s dif\u00edcil sanear nuestra econom\u00eda, pero nada es imposible si nos unimos contra quienes no le quieren poner el hombro a la emergencia alimentaria, social y econ\u00f3mica que vivimos desde hace varios a\u00f1os. La Asociaci\u00f3n de Defensores del Pueblo, pidi\u00f3 ser parte del Consejo Federal Contra el Hambre. Desde la Defensor\u00eda del Pueblo de Formosa, se dio a conocer que nuestra Asociaci\u00f3n -ADPRA- peticion\u00f3 formalmente a Victoria Toloza Paz, Titular del Consejo Nacional de Pol\u00edticas Sociales que podamos trabajar activamente en el Consejo Federal Contra el Hambre. Esto, por las grav\u00edsimas situaciones sociales y econ\u00f3micas que viven actualmente millones de argentinos y por ello acompa\u00f1amos desde la Defensor\u00eda del Pueblo de Formosa, como parte integrante de ADPRA toda pol\u00edtica p\u00fablica del Estado Nacional en beneficio de los sectores m\u00e1s vulnerables que ha dejado un gobierno de neto corte liberal, y que permiti\u00f3 que el mercado junto a unos pocos se enriquezca y lucren con el sufrimiento de nuestros Pueblos.<\/p>\n","protected":false},"excerpt":{"rendered":"<p>Pediremos urgentemente intervenci\u00f3n de la Secretar\u00eda de Comercio, de la CNDC para investigar las relaciones entre fabricantes, proveedores y supermercadistas.<\/p>\n","protected":false},"author":1,"featured_media":10046,"comment_status":"closed","ping_status":"closed","sticky":false,"template":"","format":"standard","meta":{"footnotes":""},"categories":[1],"tags":[],"class_list":["post-10045","post","type-post","status-publish","format-standard","has-post-thumbnail","hentry","category-noticias"],"_links":{"self":[{"href":"https:\/\/defensoriaformosa.gob.ar\/index.php?rest_route=\/wp\/v2\/posts\/10045","targetHints":{"allow":["GET"]}}],"collection":[{"href":"https:\/\/defensoriaformosa.gob.ar\/index.php?rest_route=\/wp\/v2\/posts"}],"about":[{"href":"https:\/\/defensoriaformosa.gob.ar\/index.php?rest_route=\/wp\/v2\/types\/post"}],"author":[{"embeddable":true,"href":"https:\/\/defensoriaformosa.gob.ar\/index.php?rest_route=\/wp\/v2\/users\/1"}],"replies":[{"embeddable":true,"href":"https:\/\/defensoriaformosa.gob.ar\/index.php?rest_route=%2Fwp%2Fv2%2Fcomments&post=10045"}],"version-history":[{"count":2,"href":"https:\/\/defensoriaformosa.gob.ar\/index.php?rest_route=\/wp\/v2\/posts\/10045\/revisions"}],"predecessor-version":[{"id":10048,"href":"https:\/\/defensoriaformosa.gob.ar\/index.php?rest_route=\/wp\/v2\/posts\/10045\/revisions\/10048"}],"wp:featuredmedia":[{"embeddable":true,"href":"https:\/\/defensoriaformosa.gob.ar\/index.php?rest_route=\/wp\/v2\/media\/10046"}],"wp:attachment":[{"href":"https:\/\/defensoriaformosa.gob.ar\/index.php?rest_route=%2Fwp%2Fv2%2Fmedia&parent=10045"}],"wp:term":[{"taxonomy":"category","embeddable":true,"href":"https:\/\/defensoriaformosa.gob.ar\/index.php?rest_route=%2Fwp%2Fv2%2Fcategories&post=10045"},{"taxonomy":"post_tag","embeddable":true,"href":"https:\/\/defensoriaformosa.gob.ar\/index.php?rest_route=%2Fwp%2Fv2%2Ftags&post=10045"}],"curies":[{"name":"wp","href":"https:\/\/api.w.org\/{rel}","templated":true}]}}