{"id":10019,"date":"2019-12-18T22:47:04","date_gmt":"2019-12-19T01:47:04","guid":{"rendered":"http:\/\/2015.defensoriaformosa.gob.ar\/?p=10019"},"modified":"2019-12-18T22:47:38","modified_gmt":"2019-12-19T01:47:38","slug":"10019-2","status":"publish","type":"post","link":"https:\/\/defensoriaformosa.gob.ar\/?p=10019","title":{"rendered":"DENUNCIARON DESDE LA DEFENSOR\u00cdA DEL PUEBLO A LOS MANIFESTANTES QUE IRRACIONALMENTE Y SIN JUSTIFICATIVO ALGUNO CORTAN LA RUTA NACIONAL N\u00ba 11 A LA ALTURA DEL B\u00ba NAMQOM"},"content":{"rendered":"<p><strong>Hoy se pedir\u00e1 a la Justicia Federal ordene a Gendarmer\u00eda Nacional desaloje la traza citada para garantizar el libre tr\u00e1nsito de todo tipo de veh\u00edculos y personas &#8211;<\/strong><\/p>\n<p><!--more--><br \/>\nCon nuevas conductas abusivas y extorsivas por parte de un grupo de moreneros del B\u00ba Namqom de nuestra Ciudad, -Extractores de Carnadas Vivas-, procedieron nuevamente a cortar totalmente el tr\u00e1nsito de la Ruta Nacional N\u00ba 11, a la altura del conglomerado antes mencionado. El Ombudsman Provincial Dr. Jos\u00e9 Leonardo Gialluca, procedi\u00f3 a las 22:15 hs a presentar la Actuaci\u00f3n N\u00ba 4514\/19 dirigida al Jefe de la Agrupaci\u00f3n VI de Gendarmer\u00eda Nacional a cargo del Cmdte. Principal Enzo Mart\u00edn Duarte, recibida por el Suboficial de Guardia Juan Carlos Izquierdo, a quien se le peticion\u00f3 que, en base al \u201cProtocolo de Actuaci\u00f3n de las Fuerzas de Seguridad del Estado en Manifestaciones P\u00fablicas\u201d vigente en la materia y siempre respetando los derechos y garant\u00edas de los manifestantes, procedan las Fuerzas de Seguridad Nacional, a Restablecer el ejercicio del derecho al libre tr\u00e1nsito, sobre la citada traza nacional, Citar, Identificar y Anoticiarles a los piqueteros que su accionar se encuentra tipificado en el Art. 194 del C\u00f3digo Penal Argentino y oportunamente se eleven las Actuaciones al Juzgado Federal en Turno. Gialluca, agreg\u00f3 que, los -Extractores de Carnadas Vivas-, vienen trabajando todos los d\u00edas de la semana, (salvo 2 d\u00edas, s\u00e1bados y domingos) por lo que con la puesta en funcionamiento por parte del Ministerio de la Producci\u00f3n y Ambiente de la Provincia del -Plan Piloto de Veda Extendida-, conocen perfectamente que legalmente no les corresponde ning\u00fan tipo de bono, ni subsidio en dinero. En este contexto, se ha procedido a habilitar provisoriamente Acopiadores de Carnadas Vivas de manera Provisoria, entre los manifestantes, junto a otros moreneros que est\u00e1n trabajando actualmente muy bien, y hasta se les ha proporcionado la posibilidad de que efect\u00faen, \u201cuna Comercializaci\u00f3n Extra Provincial hacia Corrientes y Rosario\u201d con lo cual de esta manera que se conozca que unos 5 Acopiadores Provisorios est\u00e1n obteniendo por semana un volumen de carnadas que asciende cada una de ellas a unos $50.000. Lo irracional es que existe en el mismo sector un grupo que est\u00e1 exigiendo la entrega de 5kg de asado, m\u00e1s 5kg de chorizo y 1 bolsa de carb\u00f3n para cada una de las 148 familias aproximadamente, tanto para Navidad como para A\u00f1o Nuevo, lo que representa un gasto de aproximadamente $ 800.000, y en este razonamiento es que los manifestantes han procedido a cortar nuevamente la Ruta Nacional N\u00ba 11. Por \u00faltimo, el funcionario provincial le se\u00f1al\u00f3 al Cmdte de Gendarmer\u00eda Nacional Nelson Sirota, que esperamos que la Justicia Federal act\u00fae r\u00e1pidamente y de este modo se garantice el derecho constitucional a transitar libremente, cualquier ruta nacional de nuestra provincia.<\/p>\n","protected":false},"excerpt":{"rendered":"<p>Hoy se pedir\u00e1 a la Justicia Federal ordene a Gendarmer\u00eda Nacional desaloje la traza citada para garantizar el libre tr\u00e1nsito de todo tipo de veh\u00edculos y personas &#8211;<\/p>\n","protected":false},"author":1,"featured_media":10021,"comment_status":"closed","ping_status":"closed","sticky":false,"template":"","format":"standard","meta":{"footnotes":""},"categories":[4,1,7,3],"tags":[],"class_list":["post-10019","post","type-post","status-publish","format-standard","has-post-thumbnail","hentry","category-ddhh","category-noticias","category-seguridad-vial","category-defensa-de-los-derechos-del-usuario-consumidor-contribuyentes"],"_links":{"self":[{"href":"https:\/\/defensoriaformosa.gob.ar\/index.php?rest_route=\/wp\/v2\/posts\/10019","targetHints":{"allow":["GET"]}}],"collection":[{"href":"https:\/\/defensoriaformosa.gob.ar\/index.php?rest_route=\/wp\/v2\/posts"}],"about":[{"href":"https:\/\/defensoriaformosa.gob.ar\/index.php?rest_route=\/wp\/v2\/types\/post"}],"author":[{"embeddable":true,"href":"https:\/\/defensoriaformosa.gob.ar\/index.php?rest_route=\/wp\/v2\/users\/1"}],"replies":[{"embeddable":true,"href":"https:\/\/defensoriaformosa.gob.ar\/index.php?rest_route=%2Fwp%2Fv2%2Fcomments&post=10019"}],"version-history":[{"count":2,"href":"https:\/\/defensoriaformosa.gob.ar\/index.php?rest_route=\/wp\/v2\/posts\/10019\/revisions"}],"predecessor-version":[{"id":10023,"href":"https:\/\/defensoriaformosa.gob.ar\/index.php?rest_route=\/wp\/v2\/posts\/10019\/revisions\/10023"}],"wp:featuredmedia":[{"embeddable":true,"href":"https:\/\/defensoriaformosa.gob.ar\/index.php?rest_route=\/wp\/v2\/media\/10021"}],"wp:attachment":[{"href":"https:\/\/defensoriaformosa.gob.ar\/index.php?rest_route=%2Fwp%2Fv2%2Fmedia&parent=10019"}],"wp:term":[{"taxonomy":"category","embeddable":true,"href":"https:\/\/defensoriaformosa.gob.ar\/index.php?rest_route=%2Fwp%2Fv2%2Fcategories&post=10019"},{"taxonomy":"post_tag","embeddable":true,"href":"https:\/\/defensoriaformosa.gob.ar\/index.php?rest_route=%2Fwp%2Fv2%2Ftags&post=10019"}],"curies":[{"name":"wp","href":"https:\/\/api.w.org\/{rel}","templated":true}]}}